{"id":72706,"date":"2016-05-12T09:23:03","date_gmt":"2016-05-12T06:23:03","guid":{"rendered":"http:\/\/www.sana.sy\/tr\/?p=72706"},"modified":"2016-05-12T13:53:15","modified_gmt":"2016-05-12T10:53:15","slug":"hama-emniyet-mudurlugunde-yetkili-bir-kaynak-sanaya-aciklamasinda-teroristlerin-koye-saldirip-vahsi-katliamda-bulunmalari-ardindan-koy-ahalisinden-bircok-kadin-ve-cocugu-mechul-bir-yere-kaci","status":"publish","type":"post","link":"https:\/\/archive.sana.sy\/tr\/?p=72706","title":{"rendered":"Hama Emniyet M\u00fcd\u00fcrl\u00fc\u011f\u00fcnde yetkili bir kaynak SANA\u2019ya a\u00e7\u0131klamas\u0131nda; ter\u00f6ristlerin k\u00f6ye sald\u0131r\u0131p vah\u015fi katliamda bulunmalar\u0131 ard\u0131ndan k\u00f6y ahalisinden bir\u00e7ok kad\u0131n ve \u00e7ocu\u011fu me\u00e7hul bir yere ka\u00e7\u0131rd\u0131klar\u0131n\u0131 belirtti"},"content":{"rendered":"<p>Hama Emniyet M\u00fcd\u00fcrl\u00fc\u011f\u00fcnde yetkili bir kaynak SANA\u2019ya a\u00e7\u0131klamas\u0131nda; ter\u00f6ristlerin k\u00f6ye sald\u0131r\u0131p vah\u015fi katliamda bulunmalar\u0131 ard\u0131ndan k\u00f6y ahalisinden bir\u00e7ok kad\u0131n ve \u00e7ocu\u011fu me\u00e7hul bir yere ka\u00e7\u0131rd\u0131klar\u0131n\u0131 belirtti<\/p>\n","protected":false},"excerpt":{"rendered":"<p>Hama Emniyet M\u00fcd\u00fcrl\u00fc\u011f\u00fcnde yetkili bir kaynak SANA\u2019ya a\u00e7\u0131klamas\u0131nda; ter\u00f6ristlerin k\u00f6ye sald\u0131r\u0131p vah\u015fi katliamda bulunmalar\u0131 ard\u0131ndan k\u00f6y ahalisinden bir\u00e7ok kad\u0131n ve \u00e7ocu\u011fu me\u00e7hul bir yere ka\u00e7\u0131rd\u0131klar\u0131n\u0131 belirtti<\/p>\n","protected":false},"author":1,"featured_media":0,"comment_status":"closed","ping_status":"closed","sticky":false,"template":"","format":"standard","meta":{"footnotes":""},"categories":[17991],"tags":[],"class_list":["post-72706","post","type-post","status-publish","format-standard","","category-son-dakika"],"_links":{"self":[{"href":"https:\/\/archive.sana.sy\/tr\/index.php?rest_route=\/wp\/v2\/posts\/72706","targetHints":{"allow":["GET"]}}],"collection":[{"href":"https:\/\/archive.sana.sy\/tr\/index.php?rest_route=\/wp\/v2\/posts"}],"about":[{"href":"https:\/\/archive.sana.sy\/tr\/index.php?rest_route=\/wp\/v2\/types\/post"}],"author":[{"embeddable":true,"href":"https:\/\/archive.sana.sy\/tr\/index.php?rest_route=\/wp\/v2\/users\/1"}],"replies":[{"embeddable":true,"href":"https:\/\/archive.sana.sy\/tr\/index.php?rest_route=%2Fwp%2Fv2%2Fcomments&post=72706"}],"version-history":[{"count":0,"href":"https:\/\/archive.sana.sy\/tr\/index.php?rest_route=\/wp\/v2\/posts\/72706\/revisions"}],"wp:attachment":[{"href":"https:\/\/archive.sana.sy\/tr\/index.php?rest_route=%2Fwp%2Fv2%2Fmedia&parent=72706"}],"wp:term":[{"taxonomy":"category","embeddable":true,"href":"https:\/\/archive.sana.sy\/tr\/index.php?rest_route=%2Fwp%2Fv2%2Fcategories&post=72706"},{"taxonomy":"post_tag","embeddable":true,"href":"https:\/\/archive.sana.sy\/tr\/index.php?rest_route=%2Fwp%2Fv2%2Ftags&post=72706"}],"curies":[{"name":"wp","href":"https:\/\/api.w.org\/{rel}","templated":true}]}}