{"id":7273,"date":"2014-08-14T13:02:39","date_gmt":"2014-08-14T10:02:39","guid":{"rendered":"http:\/\/www.sana.sy\/tr\/?p=7273"},"modified":"2014-08-15T23:13:39","modified_gmt":"2014-08-15T20:13:39","slug":"halep-kirsalina-23-kamyon-insani-yardim-gonderildi","status":"publish","type":"post","link":"https:\/\/archive.sana.sy\/tr\/?p=7273","title":{"rendered":"Halep K\u0131rsal\u0131na 23 Kamyon \u0130nsani Yard\u0131m G\u00f6nderildi"},"content":{"rendered":"<p>HALEP \u2013 Halep Valili\u011finde yetkili bir kaynak \u0130dlib k\u0131rsal\u0131n\u0131n kuzeyi ve bat\u0131s\u0131nda ter\u00f6r eylemlerinden zarar g\u00f6ren yada ter\u00f6r ablukas\u0131 alt\u0131nda olan vatanda\u015flara insani yard\u0131m ta\u015f\u0131yan 23 ara\u00e7tan ibaret bir konvoy g\u00f6nderildi\u011fini a\u00e7\u0131klad\u0131.<\/p>\n<p><a href=\"http:\/\/www.sana.sy\/tr\/wp-content\/uploads\/2014\/08\/halep-2.jpg\"><img loading=\"lazy\" decoding=\"async\" class=\"alignright wp-image-7367 size-medium\" src=\"http:\/\/www.sana.sy\/tr\/wp-content\/uploads\/2014\/08\/halep-2-300x198.jpg\" alt=\"halep 2\" width=\"300\" height=\"198\" srcset=\"https:\/\/archive.sana.sy\/tr\/wp-content\/uploads\/2014\/08\/halep-2-300x198.jpg 300w, https:\/\/archive.sana.sy\/tr\/wp-content\/uploads\/2014\/08\/halep-2-150x99.jpg 150w, https:\/\/archive.sana.sy\/tr\/wp-content\/uploads\/2014\/08\/halep-2-1024x678.jpg 1024w\" sizes=\"auto, (max-width: 300px) 100vw, 300px\" \/><\/a>Kaynak bug\u00fcn yapt\u0131\u011f\u0131 a\u00e7\u0131klamada Suriye Arap K\u0131z\u0131lay \u00d6rg\u00fct\u00fc ve Uluslar aras\u0131 K\u0131z\u0131lha\u00e7 \u00d6rg\u00fct\u00fcn\u00fcn i\u015fbirli\u011fi ile temin edilen s\u00f6z konusu yard\u0131mlar\u0131n g\u0131da maddelerinden olu\u015ftu\u011funu s\u00f6yledi.<\/p>\n","protected":false},"excerpt":{"rendered":"<p>HALEP \u2013 Halep Valili\u011finde yetkili bir kaynak \u0130dlib k\u0131rsal\u0131n\u0131n kuzeyi ve bat\u0131s\u0131nda ter\u00f6r eylemlerinden zarar g\u00f6ren yada ter\u00f6r ablukas\u0131 alt\u0131nda olan vatanda\u015flara insani yard\u0131m ta\u015f\u0131yan 23 ara\u00e7tan ibaret bir konvoy g\u00f6nderildi\u011fini a\u00e7\u0131klad\u0131. Kaynak bug\u00fcn yapt\u0131\u011f\u0131 a\u00e7\u0131klamada Suriye Arap K\u0131z\u0131lay \u00d6rg\u00fct\u00fc ve Uluslar aras\u0131 K\u0131z\u0131lha\u00e7 \u00d6rg\u00fct\u00fcn\u00fcn i\u015fbirli\u011fi ile temin edilen s\u00f6z konusu yard\u0131mlar\u0131n g\u0131da maddelerinden olu\u015ftu\u011funu &hellip;<\/p>\n","protected":false},"author":1,"featured_media":7366,"comment_status":"closed","ping_status":"closed","sticky":false,"template":"","format":"standard","meta":{"footnotes":""},"categories":[479,478],"tags":[1623],"class_list":["post-7273","post","type-post","status-publish","format-standard","has-post-thumbnail","","category-haberler-yerel","category-yerel","tag-halep-kirsalina-23-kamyon-insani-yardim-gonderildi"],"_links":{"self":[{"href":"https:\/\/archive.sana.sy\/tr\/index.php?rest_route=\/wp\/v2\/posts\/7273","targetHints":{"allow":["GET"]}}],"collection":[{"href":"https:\/\/archive.sana.sy\/tr\/index.php?rest_route=\/wp\/v2\/posts"}],"about":[{"href":"https:\/\/archive.sana.sy\/tr\/index.php?rest_route=\/wp\/v2\/types\/post"}],"author":[{"embeddable":true,"href":"https:\/\/archive.sana.sy\/tr\/index.php?rest_route=\/wp\/v2\/users\/1"}],"replies":[{"embeddable":true,"href":"https:\/\/archive.sana.sy\/tr\/index.php?rest_route=%2Fwp%2Fv2%2Fcomments&post=7273"}],"version-history":[{"count":0,"href":"https:\/\/archive.sana.sy\/tr\/index.php?rest_route=\/wp\/v2\/posts\/7273\/revisions"}],"wp:featuredmedia":[{"embeddable":true,"href":"https:\/\/archive.sana.sy\/tr\/index.php?rest_route=\/wp\/v2\/media\/7366"}],"wp:attachment":[{"href":"https:\/\/archive.sana.sy\/tr\/index.php?rest_route=%2Fwp%2Fv2%2Fmedia&parent=7273"}],"wp:term":[{"taxonomy":"category","embeddable":true,"href":"https:\/\/archive.sana.sy\/tr\/index.php?rest_route=%2Fwp%2Fv2%2Fcategories&post=7273"},{"taxonomy":"post_tag","embeddable":true,"href":"https:\/\/archive.sana.sy\/tr\/index.php?rest_route=%2Fwp%2Fv2%2Ftags&post=7273"}],"curies":[{"name":"wp","href":"https:\/\/api.w.org\/{rel}","templated":true}]}}