{"id":72732,"date":"2016-05-12T16:43:15","date_gmt":"2016-05-12T13:43:15","guid":{"rendered":"http:\/\/www.sana.sy\/tr\/?p=72732"},"modified":"2016-05-12T16:43:15","modified_gmt":"2016-05-12T13:43:15","slug":"sana-muhabiri-keskin-nisanci-teroristlerin-bugun-halepte-ramusa-beldesinde-birkac-araca-ates-acmalari-sonucunda-2-vatandasin-sehit-bircok-vatandasin-da-yarali-dustuklerini-aktardi","status":"publish","type":"post","link":"https:\/\/archive.sana.sy\/tr\/?p=72732","title":{"rendered":"SANA muhabiri keskin ni\u015fanc\u0131 ter\u00f6ristlerin bug\u00fcn Halep\u2019te Ramusa Beldesinde birka\u00e7 araca ate\u015f a\u00e7malar\u0131 sonucunda 2 vatanda\u015f\u0131n \u015fehit, bir\u00e7ok vatanda\u015f\u0131n da yaral\u0131 d\u00fc\u015ft\u00fcklerini aktard\u0131"},"content":{"rendered":"<p>SANA muhabiri keskin ni\u015fanc\u0131 ter\u00f6ristlerin bug\u00fcn Halep\u2019te Ramusa Beldesinde birka\u00e7 araca ate\u015f a\u00e7malar\u0131 sonucunda 2 vatanda\u015f\u0131n \u015fehit, bir\u00e7ok vatanda\u015f\u0131n da yaral\u0131 d\u00fc\u015ft\u00fcklerini aktard\u0131<\/p>\n","protected":false},"excerpt":{"rendered":"<p>SANA muhabiri keskin ni\u015fanc\u0131 ter\u00f6ristlerin bug\u00fcn Halep\u2019te Ramusa Beldesinde birka\u00e7 araca ate\u015f a\u00e7malar\u0131 sonucunda 2 vatanda\u015f\u0131n \u015fehit, bir\u00e7ok vatanda\u015f\u0131n da yaral\u0131 d\u00fc\u015ft\u00fcklerini aktard\u0131<\/p>\n","protected":false},"author":1,"featured_media":0,"comment_status":"closed","ping_status":"closed","sticky":false,"template":"","format":"standard","meta":{"footnotes":""},"categories":[17991],"tags":[],"class_list":["post-72732","post","type-post","status-publish","format-standard","","category-son-dakika"],"_links":{"self":[{"href":"https:\/\/archive.sana.sy\/tr\/index.php?rest_route=\/wp\/v2\/posts\/72732","targetHints":{"allow":["GET"]}}],"collection":[{"href":"https:\/\/archive.sana.sy\/tr\/index.php?rest_route=\/wp\/v2\/posts"}],"about":[{"href":"https:\/\/archive.sana.sy\/tr\/index.php?rest_route=\/wp\/v2\/types\/post"}],"author":[{"embeddable":true,"href":"https:\/\/archive.sana.sy\/tr\/index.php?rest_route=\/wp\/v2\/users\/1"}],"replies":[{"embeddable":true,"href":"https:\/\/archive.sana.sy\/tr\/index.php?rest_route=%2Fwp%2Fv2%2Fcomments&post=72732"}],"version-history":[{"count":0,"href":"https:\/\/archive.sana.sy\/tr\/index.php?rest_route=\/wp\/v2\/posts\/72732\/revisions"}],"wp:attachment":[{"href":"https:\/\/archive.sana.sy\/tr\/index.php?rest_route=%2Fwp%2Fv2%2Fmedia&parent=72732"}],"wp:term":[{"taxonomy":"category","embeddable":true,"href":"https:\/\/archive.sana.sy\/tr\/index.php?rest_route=%2Fwp%2Fv2%2Fcategories&post=72732"},{"taxonomy":"post_tag","embeddable":true,"href":"https:\/\/archive.sana.sy\/tr\/index.php?rest_route=%2Fwp%2Fv2%2Ftags&post=72732"}],"curies":[{"name":"wp","href":"https:\/\/api.w.org\/{rel}","templated":true}]}}