{"id":7277,"date":"2014-08-14T13:51:11","date_gmt":"2014-08-14T10:51:11","guid":{"rendered":"http:\/\/www.sana.sy\/tr\/?p=7277"},"modified":"2014-08-14T14:10:16","modified_gmt":"2014-08-14T11:10:16","slug":"egitim-bakanligi-1360-ogretmenin-atamasini-yapti","status":"publish","type":"post","link":"https:\/\/archive.sana.sy\/tr\/?p=7277","title":{"rendered":"E\u011fitim Bakanl\u0131\u011f\u0131 1360 \u00d6\u011fretmenin Atamas\u0131n\u0131 Yapt\u0131"},"content":{"rendered":"<p>\u015eAM \u2013 E\u011fitim Bakanl\u0131\u011f\u0131, illerdeki E\u011fitim Enstit\u00fclerinden 2013 y\u0131l\u0131nda mezun olan 1360 \u00f6\u011fretmenin tayin edilmesini onaylad\u0131.<\/p>\n<p>Bakanl\u0131k yay\u0131nlad\u0131\u011f\u0131 kararda, atanan \u00f6\u011fretmenlerin tayin edildikleri E\u011fitim m\u00fcd\u00fcrl\u00fcklerine kanuni s\u00fcre\u00e7 i\u00e7erisinde m\u00fcracaat etmelerine \u00e7a\u011fr\u0131 yapt\u0131.<\/p>\n<p>E\u011fitim Bakanl\u0131\u011f\u0131 ge\u00e7en Mart ay\u0131nda 2835 \u00f6\u011fretmenin 2013 y\u0131l\u0131 Aral\u0131k ay\u0131nda da 414 \u00f6\u011fretmenin atamas\u0131n\u0131 yapm\u0131\u015ft\u0131.<\/p>\n","protected":false},"excerpt":{"rendered":"<p>\u015eAM \u2013 E\u011fitim Bakanl\u0131\u011f\u0131, illerdeki E\u011fitim Enstit\u00fclerinden 2013 y\u0131l\u0131nda mezun olan 1360 \u00f6\u011fretmenin tayin edilmesini onaylad\u0131. Bakanl\u0131k yay\u0131nlad\u0131\u011f\u0131 kararda, atanan \u00f6\u011fretmenlerin tayin edildikleri E\u011fitim m\u00fcd\u00fcrl\u00fcklerine kanuni s\u00fcre\u00e7 i\u00e7erisinde m\u00fcracaat etmelerine \u00e7a\u011fr\u0131 yapt\u0131. E\u011fitim Bakanl\u0131\u011f\u0131 ge\u00e7en Mart ay\u0131nda 2835 \u00f6\u011fretmenin 2013 y\u0131l\u0131 Aral\u0131k ay\u0131nda da 414 \u00f6\u011fretmenin atamas\u0131n\u0131 yapm\u0131\u015ft\u0131.<\/p>\n","protected":false},"author":1,"featured_media":7278,"comment_status":"closed","ping_status":"closed","sticky":false,"template":"","format":"standard","meta":{"footnotes":""},"categories":[479,478],"tags":[1624],"class_list":["post-7277","post","type-post","status-publish","format-standard","has-post-thumbnail","","category-haberler-yerel","category-yerel","tag-egitim-bakanligi-1360-ogretmenin-atamasini-yapti"],"_links":{"self":[{"href":"https:\/\/archive.sana.sy\/tr\/index.php?rest_route=\/wp\/v2\/posts\/7277","targetHints":{"allow":["GET"]}}],"collection":[{"href":"https:\/\/archive.sana.sy\/tr\/index.php?rest_route=\/wp\/v2\/posts"}],"about":[{"href":"https:\/\/archive.sana.sy\/tr\/index.php?rest_route=\/wp\/v2\/types\/post"}],"author":[{"embeddable":true,"href":"https:\/\/archive.sana.sy\/tr\/index.php?rest_route=\/wp\/v2\/users\/1"}],"replies":[{"embeddable":true,"href":"https:\/\/archive.sana.sy\/tr\/index.php?rest_route=%2Fwp%2Fv2%2Fcomments&post=7277"}],"version-history":[{"count":0,"href":"https:\/\/archive.sana.sy\/tr\/index.php?rest_route=\/wp\/v2\/posts\/7277\/revisions"}],"wp:featuredmedia":[{"embeddable":true,"href":"https:\/\/archive.sana.sy\/tr\/index.php?rest_route=\/wp\/v2\/media\/7278"}],"wp:attachment":[{"href":"https:\/\/archive.sana.sy\/tr\/index.php?rest_route=%2Fwp%2Fv2%2Fmedia&parent=7277"}],"wp:term":[{"taxonomy":"category","embeddable":true,"href":"https:\/\/archive.sana.sy\/tr\/index.php?rest_route=%2Fwp%2Fv2%2Fcategories&post=7277"},{"taxonomy":"post_tag","embeddable":true,"href":"https:\/\/archive.sana.sy\/tr\/index.php?rest_route=%2Fwp%2Fv2%2Ftags&post=7277"}],"curies":[{"name":"wp","href":"https:\/\/api.w.org\/{rel}","templated":true}]}}