{"id":72789,"date":"2016-05-14T09:26:10","date_gmt":"2016-05-14T06:26:10","guid":{"rendered":"http:\/\/www.sana.sy\/tr\/?p=72789"},"modified":"2016-05-14T12:35:47","modified_gmt":"2016-05-14T09:35:47","slug":"lubnan-hizbullah-partisi-sam-kirsalinin-dogu-guta-bolgesine-dusen-uluslararasi-sam-havalimani-yakinlarinda-bulunan-bir-merkezinde-meydana-gelen-ve-direnis-komutanlarindan-mustafa-bedrettinin","status":"publish","type":"post","link":"https:\/\/archive.sana.sy\/tr\/?p=72789","title":{"rendered":"L\u00fcbnan Hizbullah Partisi \u015eam k\u0131rsal\u0131n\u0131n Do\u011fu \u011euta B\u00f6lgesine d\u00fc\u015fen Uluslararas\u0131 \u015eam Havaliman\u0131 yak\u0131nlar\u0131nda bulunan bir merkezinde meydana gelen ve direni\u015f komutanlar\u0131ndan Mustafa Bedrettin\u2019in (Z\u00fclfikar) \u015fehit d\u00fc\u015fmesine yol a\u00e7an patlamaya ili\u015fkin yap\u0131lan soru\u015fturmalarda, patlaman\u0131n b\u00f6lgede bulunan tekfirci ter\u00f6ristlerin f\u0131rlatt\u0131klar\u0131 bir f\u00fcze sonucunda meydana geldi\u011fini ortaya koydu\u011funu belirtti"},"content":{"rendered":"<p>L\u00fcbnan Hizbullah Partisi \u015eam k\u0131rsal\u0131n\u0131n Do\u011fu \u011euta B\u00f6lgesine d\u00fc\u015fen Uluslararas\u0131 \u015eam Havaliman\u0131 yak\u0131nlar\u0131nda bulunan bir merkezinde meydana gelen ve direni\u015f komutanlar\u0131ndan Mustafa Bedrettin\u2019in (Z\u00fclfikar) \u015fehit d\u00fc\u015fmesine yol a\u00e7an patlamaya ili\u015fkin yap\u0131lan soru\u015fturmalarda, patlaman\u0131n b\u00f6lgede bulunan tekfirci ter\u00f6ristlerin f\u0131rlatt\u0131klar\u0131 bir f\u00fcze sonucunda meydana geldi\u011fini ortaya koydu\u011funu belirtti<\/p>\n","protected":false},"excerpt":{"rendered":"<p>L\u00fcbnan Hizbullah Partisi \u015eam k\u0131rsal\u0131n\u0131n Do\u011fu \u011euta B\u00f6lgesine d\u00fc\u015fen Uluslararas\u0131 \u015eam Havaliman\u0131 yak\u0131nlar\u0131nda bulunan bir merkezinde meydana gelen ve direni\u015f komutanlar\u0131ndan Mustafa Bedrettin\u2019in (Z\u00fclfikar) \u015fehit d\u00fc\u015fmesine yol a\u00e7an patlamaya ili\u015fkin yap\u0131lan soru\u015fturmalarda, patlaman\u0131n b\u00f6lgede bulunan tekfirci ter\u00f6ristlerin f\u0131rlatt\u0131klar\u0131 bir f\u00fcze sonucunda meydana geldi\u011fini ortaya koydu\u011funu belirtti<\/p>\n","protected":false},"author":1,"featured_media":0,"comment_status":"closed","ping_status":"closed","sticky":false,"template":"","format":"standard","meta":{"footnotes":""},"categories":[17991],"tags":[],"class_list":["post-72789","post","type-post","status-publish","format-standard","","category-son-dakika"],"_links":{"self":[{"href":"https:\/\/archive.sana.sy\/tr\/index.php?rest_route=\/wp\/v2\/posts\/72789","targetHints":{"allow":["GET"]}}],"collection":[{"href":"https:\/\/archive.sana.sy\/tr\/index.php?rest_route=\/wp\/v2\/posts"}],"about":[{"href":"https:\/\/archive.sana.sy\/tr\/index.php?rest_route=\/wp\/v2\/types\/post"}],"author":[{"embeddable":true,"href":"https:\/\/archive.sana.sy\/tr\/index.php?rest_route=\/wp\/v2\/users\/1"}],"replies":[{"embeddable":true,"href":"https:\/\/archive.sana.sy\/tr\/index.php?rest_route=%2Fwp%2Fv2%2Fcomments&post=72789"}],"version-history":[{"count":0,"href":"https:\/\/archive.sana.sy\/tr\/index.php?rest_route=\/wp\/v2\/posts\/72789\/revisions"}],"wp:attachment":[{"href":"https:\/\/archive.sana.sy\/tr\/index.php?rest_route=%2Fwp%2Fv2%2Fmedia&parent=72789"}],"wp:term":[{"taxonomy":"category","embeddable":true,"href":"https:\/\/archive.sana.sy\/tr\/index.php?rest_route=%2Fwp%2Fv2%2Fcategories&post=72789"},{"taxonomy":"post_tag","embeddable":true,"href":"https:\/\/archive.sana.sy\/tr\/index.php?rest_route=%2Fwp%2Fv2%2Ftags&post=72789"}],"curies":[{"name":"wp","href":"https:\/\/api.w.org\/{rel}","templated":true}]}}