{"id":72790,"date":"2016-05-13T22:26:42","date_gmt":"2016-05-13T19:26:42","guid":{"rendered":"http:\/\/www.sana.sy\/tr\/?p=72790"},"modified":"2016-05-14T12:32:47","modified_gmt":"2016-05-14T09:32:47","slug":"vahsetten-kurtulmayi-basaran-vatandaslar-yasadiklarini-anlattilar","status":"publish","type":"post","link":"https:\/\/archive.sana.sy\/tr\/?p=72790","title":{"rendered":"Vah\u015fetten Kurtulmay\u0131 Ba\u015faran Vatanda\u015flar Ya\u015fad\u0131klar\u0131n\u0131 Anlatt\u0131lar"},"content":{"rendered":"<p>HAMA \u2013 Hama K\u0131rsal\u0131nda yer alan Zara Beldesinde silahl\u0131 ter\u00f6r gruplar\u0131n\u0131n i\u015flemi\u015f oldu\u011fu vah\u015fi katliamdan kurtulmay\u0131 ba\u015faran vatanda\u015flar\u0131m\u0131z ter\u00f6ristlerin evlerde ve yollarda bulunan kad\u0131n, \u00e7ocuk ve b\u00fct\u00fcn insanlara sald\u0131rd\u0131klar\u0131n\u0131 ve b\u00fcy\u00fck bir katliam i\u015flediklerini ifade ettiler.<\/p>\n<p>Ter\u00f6ristlerin sabah \u015fafak saatlerinde herkes evlerinde uyurken beldeye s\u0131zd\u0131klar\u0131n\u0131 ve korkun\u00e7 \u015feyler yapt\u0131klar\u0131n\u0131 ifade eden belde sakinleri, ter\u00f6ristlerin \u00e7ocuk, kad\u0131n, din adam\u0131 ve \u00f6nlerine \u00e7\u0131kan her canl\u0131y\u0131 katlettiklerini belirttiler.<\/p>\n<p>Ya\u015fad\u0131klar\u0131 g\u00f6rd\u00fckleri vah\u015fet ve ya\u015fad\u0131klar\u0131 korkunun etkisi alt\u0131nda kalan vatanda\u015flar bir\u00e7ok vatanda\u015f\u0131n da silahl\u0131 ter\u00f6r gruplar\u0131 taraf\u0131ndan sa\u011f olarak ka\u00e7\u0131r\u0131ld\u0131\u011f\u0131n\u0131 anlatarak ter\u00f6ristlerin aras\u0131nda yabanc\u0131 uyruklular da bulundu\u011funu ve makineli t\u00fcfekleriyle her yere rastgele ate\u015f ak\u00e7\u0131klar\u0131n\u0131 dile getirdiler.<\/p>\n<p>Ter\u00f6ristlerden, kahraman ordu birliklerimiz sayesinde kurtulduklar\u0131n\u0131 ve g\u00fcvenli b\u00f6lgelere ula\u015f\u0131ncaya kadar kahraman birliklerimiz ile ileti\u015fim i\u00e7erisinde kald\u0131klar\u0131n\u0131 ifade eden vatanda\u015flar, ter\u00f6ristlerin beldede ula\u015ft\u0131klar\u0131 her yeri tahrip ettiklerini bir\u00e7ok evin harabeye d\u00f6nd\u00fc\u011f\u00fcn\u00fc anlatt\u0131lar.<\/p>\n","protected":false},"excerpt":{"rendered":"<p>HAMA \u2013 Hama K\u0131rsal\u0131nda yer alan Zara Beldesinde silahl\u0131 ter\u00f6r gruplar\u0131n\u0131n i\u015flemi\u015f oldu\u011fu vah\u015fi katliamdan kurtulmay\u0131 ba\u015faran vatanda\u015flar\u0131m\u0131z ter\u00f6ristlerin evlerde ve yollarda bulunan kad\u0131n, \u00e7ocuk ve b\u00fct\u00fcn insanlara sald\u0131rd\u0131klar\u0131n\u0131 ve b\u00fcy\u00fck bir katliam i\u015flediklerini ifade ettiler. Ter\u00f6ristlerin sabah \u015fafak saatlerinde herkes evlerinde uyurken beldeye s\u0131zd\u0131klar\u0131n\u0131 ve korkun\u00e7 \u015feyler yapt\u0131klar\u0131n\u0131 ifade eden belde sakinleri, ter\u00f6ristlerin \u00e7ocuk, &hellip;<\/p>\n","protected":false},"author":1,"featured_media":72791,"comment_status":"closed","ping_status":"closed","sticky":false,"template":"","format":"standard","meta":{"footnotes":""},"categories":[479,575,17988,478],"tags":[18692,18174,21091,21065],"class_list":["post-72790","post","type-post","status-publish","format-standard","has-post-thumbnail","","category-haberler-yerel","category-olaylar-ve-gercekler","category-son-haberler","category-yerel","tag-katliam","tag-sivillere-saldiri","tag-vahsetten-kurtulmayi-basaran-vatandaslar-yasadiklarini-anlattilar","tag-zara-koyu"],"_links":{"self":[{"href":"https:\/\/archive.sana.sy\/tr\/index.php?rest_route=\/wp\/v2\/posts\/72790","targetHints":{"allow":["GET"]}}],"collection":[{"href":"https:\/\/archive.sana.sy\/tr\/index.php?rest_route=\/wp\/v2\/posts"}],"about":[{"href":"https:\/\/archive.sana.sy\/tr\/index.php?rest_route=\/wp\/v2\/types\/post"}],"author":[{"embeddable":true,"href":"https:\/\/archive.sana.sy\/tr\/index.php?rest_route=\/wp\/v2\/users\/1"}],"replies":[{"embeddable":true,"href":"https:\/\/archive.sana.sy\/tr\/index.php?rest_route=%2Fwp%2Fv2%2Fcomments&post=72790"}],"version-history":[{"count":0,"href":"https:\/\/archive.sana.sy\/tr\/index.php?rest_route=\/wp\/v2\/posts\/72790\/revisions"}],"wp:featuredmedia":[{"embeddable":true,"href":"https:\/\/archive.sana.sy\/tr\/index.php?rest_route=\/wp\/v2\/media\/72791"}],"wp:attachment":[{"href":"https:\/\/archive.sana.sy\/tr\/index.php?rest_route=%2Fwp%2Fv2%2Fmedia&parent=72790"}],"wp:term":[{"taxonomy":"category","embeddable":true,"href":"https:\/\/archive.sana.sy\/tr\/index.php?rest_route=%2Fwp%2Fv2%2Fcategories&post=72790"},{"taxonomy":"post_tag","embeddable":true,"href":"https:\/\/archive.sana.sy\/tr\/index.php?rest_route=%2Fwp%2Fv2%2Ftags&post=72790"}],"curies":[{"name":"wp","href":"https:\/\/api.w.org\/{rel}","templated":true}]}}