{"id":72793,"date":"2016-05-14T11:33:13","date_gmt":"2016-05-14T08:33:13","guid":{"rendered":"http:\/\/www.sana.sy\/tr\/?p=72793"},"modified":"2016-05-15T11:41:45","modified_gmt":"2016-05-15T08:41:45","slug":"eylem-tekfirci-teroristler-tarafindan-duzenlendi","status":"publish","type":"post","link":"https:\/\/archive.sana.sy\/tr\/?p=72793","title":{"rendered":"Eylem Tekfirci Ter\u00f6ristler Taraf\u0131ndan D\u00fczenlendi"},"content":{"rendered":"<p>BEYRUT \u2013 L\u00fcbnan Hizbullah Partisi \u015eam k\u0131rsal\u0131n\u0131n Do\u011fu \u011euta B\u00f6lgesine d\u00fc\u015fen Uluslararas\u0131 \u015eam Havaliman\u0131 yak\u0131nlar\u0131nda bulunan bir merkezinde meydana gelen ve direni\u015f komutanlar\u0131ndan Mustafa Bedrettin\u2019in (Z\u00fclfikar) \u015fehit d\u00fc\u015fmesine yol a\u00e7an patlamaya ili\u015fkin yap\u0131lan soru\u015fturmalarda, patlaman\u0131n b\u00f6lgede bulunan tekfirci ter\u00f6ristlerin f\u0131rlatt\u0131klar\u0131 bir f\u00fcze sonucunda meydana geldi\u011fini ortaya koydu\u011funu belirtti.<\/p>\n<p>Parti bug\u00fcn yay\u0131nlad\u0131\u011f\u0131 beyanda; ara\u015ft\u0131rma sonu\u00e7lar\u0131n\u0131n Hizbullah ve direni\u015f g\u00fc\u00e7lerinin ter\u00f6re kar\u015f\u0131 m\u00fccadele azmini peki\u015ftirece\u011fini, onlar\u0131 a\u011f\u0131r bir hezimete u\u011fratma \u0131srar\u0131n\u0131 da artt\u0131raca\u011f\u0131n\u0131n alt\u0131n\u0131 \u00e7izdi. B\u00fcltende \u015eehit Z\u00fclfikar\u2019\u0131n temennisi, umudu ve yolda\u015flar\u0131na vasiyetinin de bu oldu\u011funa vurgu yap\u0131ld\u0131.<\/p>\n<p>Suriye&#8217;de ya\u015fananlar\u0131n ABD ve \u0130srail projelerine kar\u015f\u0131 m\u00fccadele oldu\u011funun ifade edildi\u011fi b\u00fcltende, tekfirci ter\u00f6ristlerin ise \u0130slam alemine kar\u015f\u0131 sava\u015f\u0131n m\u0131zrak ucu ve \u00f6n cephesini te\u015fkil ettiklerine dikkat \u00e7ekildi.<\/p>\n<p>Hizbullah Partisi d\u00fcn nitelikli ba\u015far\u0131larla dolu bir tarihe sahip Z\u00fclfikar\u2019\u0131n \u015eam k\u0131rsal\u0131nda \u015fehit d\u00fc\u015ft\u00fc\u011f\u00fcn\u00fc ilan etmi\u015f, cenaze t\u00f6reninde de kendisine kar\u015f\u0131 d\u00fczenlenen suikast\u0131n ayr\u0131nt\u0131lar\u0131n\u0131 a\u00e7\u0131klayaca\u011f\u0131n\u0131 belirtmi\u015fti.<\/p>\n","protected":false},"excerpt":{"rendered":"<p>BEYRUT \u2013 L\u00fcbnan Hizbullah Partisi \u015eam k\u0131rsal\u0131n\u0131n Do\u011fu \u011euta B\u00f6lgesine d\u00fc\u015fen Uluslararas\u0131 \u015eam Havaliman\u0131 yak\u0131nlar\u0131nda bulunan bir merkezinde meydana gelen ve direni\u015f komutanlar\u0131ndan Mustafa Bedrettin\u2019in (Z\u00fclfikar) \u015fehit d\u00fc\u015fmesine yol a\u00e7an patlamaya ili\u015fkin yap\u0131lan soru\u015fturmalarda, patlaman\u0131n b\u00f6lgede bulunan tekfirci ter\u00f6ristlerin f\u0131rlatt\u0131klar\u0131 bir f\u00fcze sonucunda meydana geldi\u011fini ortaya koydu\u011funu belirtti. Parti bug\u00fcn yay\u0131nlad\u0131\u011f\u0131 beyanda; ara\u015ft\u0131rma sonu\u00e7lar\u0131n\u0131n Hizbullah &hellip;<\/p>\n","protected":false},"author":1,"featured_media":72794,"comment_status":"closed","ping_status":"closed","sticky":false,"template":"","format":"standard","meta":{"footnotes":""},"categories":[458,459,575,17988],"tags":[18237,21092,21093,20076,21094,21096,20469,17320,2930,21095],"class_list":["post-72793","post","type-post","status-publish","format-standard","has-post-thumbnail","","category-dunya1","category-haberler-arap-uluslararasi-politika","category-olaylar-ve-gercekler","category-son-haberler","tag-cihatcilar","tag-eylem-tekfirci-teroristler-tarafindan-duzenlendi","tag-lubnan-hizbullah-partisi","tag-mucahitler","tag-mustafa-bedrettin","tag-siyonist-planlar","tag-suikast-eylemi","tag-tekfirciler","tag-teroristler","tag-zulfikar"],"_links":{"self":[{"href":"https:\/\/archive.sana.sy\/tr\/index.php?rest_route=\/wp\/v2\/posts\/72793","targetHints":{"allow":["GET"]}}],"collection":[{"href":"https:\/\/archive.sana.sy\/tr\/index.php?rest_route=\/wp\/v2\/posts"}],"about":[{"href":"https:\/\/archive.sana.sy\/tr\/index.php?rest_route=\/wp\/v2\/types\/post"}],"author":[{"embeddable":true,"href":"https:\/\/archive.sana.sy\/tr\/index.php?rest_route=\/wp\/v2\/users\/1"}],"replies":[{"embeddable":true,"href":"https:\/\/archive.sana.sy\/tr\/index.php?rest_route=%2Fwp%2Fv2%2Fcomments&post=72793"}],"version-history":[{"count":0,"href":"https:\/\/archive.sana.sy\/tr\/index.php?rest_route=\/wp\/v2\/posts\/72793\/revisions"}],"wp:featuredmedia":[{"embeddable":true,"href":"https:\/\/archive.sana.sy\/tr\/index.php?rest_route=\/wp\/v2\/media\/72794"}],"wp:attachment":[{"href":"https:\/\/archive.sana.sy\/tr\/index.php?rest_route=%2Fwp%2Fv2%2Fmedia&parent=72793"}],"wp:term":[{"taxonomy":"category","embeddable":true,"href":"https:\/\/archive.sana.sy\/tr\/index.php?rest_route=%2Fwp%2Fv2%2Fcategories&post=72793"},{"taxonomy":"post_tag","embeddable":true,"href":"https:\/\/archive.sana.sy\/tr\/index.php?rest_route=%2Fwp%2Fv2%2Ftags&post=72793"}],"curies":[{"name":"wp","href":"https:\/\/api.w.org\/{rel}","templated":true}]}}