{"id":7280,"date":"2014-08-14T13:53:58","date_gmt":"2014-08-14T10:53:58","guid":{"rendered":"http:\/\/www.sana.sy\/tr\/?p=7280"},"modified":"2014-08-14T13:53:58","modified_gmt":"2014-08-14T10:53:58","slug":"iraktaki-durum-amerikan-politikasinin-basarisizliginin-delilidir","status":"publish","type":"post","link":"https:\/\/archive.sana.sy\/tr\/?p=7280","title":{"rendered":"Irak\u2019taki Durum Amerikan Politikas\u0131n\u0131n Ba\u015far\u0131s\u0131zl\u0131\u011f\u0131n\u0131n Delilidir"},"content":{"rendered":"<p>MOSKOVA \u2013 Rusya Federasyonu Konseyinde Uluslararas\u0131 \u0130li\u015fkiler Komitesi Ba\u015fkan\u0131 Mihail Margelov, Iraktaki durumun Amerikan politikas\u0131n\u0131n orta do\u011fuda iflas etti\u011finin belirtisi oldu\u011funu ilan etti.<\/p>\n<p>Mergelov, Irak\u2019taki durumlar\u0131n Amerika Birle\u015fik devletleri taraf\u0131ndan orta do\u011fuda \u201cdemokrasiyi yayma\u201d politikas\u0131n\u0131n ba\u015far\u0131s\u0131zl\u0131\u011f\u0131n\u0131n delili oldu\u011funu \u00f6yle ki, Amerikal\u0131lar\u0131n Irak olsun veya Afganistan\u2019da kaos ve istikrars\u0131zl\u0131k kuyruklar\u0131n\u0131 her yerde arkalar\u0131nda b\u0131rakt\u0131klar\u0131n\u0131 s\u00f6yledi.<\/p>\n<p>Margelov, Irak\u2019\u0131n bu politika sebebiyle devlet varl\u0131\u011f\u0131n\u0131 kaybetti\u011fine toprak b\u00fct\u00fcnl\u00fc\u011f\u00fc ve selametini de tehlikeye att\u0131\u011f\u0131n\u0131 varsayd\u0131.<\/p>\n<p>Margelov, Ba\u011fdat\u2019taki merkezi y\u00f6netimin \u00e7abalar\u0131 ve Amerikan yard\u0131mlar\u0131na ra\u011fmen Irak\u2019\u0131n g\u00f6zlerinin \u00f6n\u00fcnde y\u0131k\u0131ld\u0131\u011f\u0131n\u0131 ve yak\u0131n zamanda bu \u00fclkede bar\u0131\u015f\u0131n sa\u011flanmas\u0131n\u0131n olanaks\u0131z oldu\u011funu ifade etti.<\/p>\n<p>Margelov, Amerika\u2019n\u0131n ter\u00f6rle m\u00fccadelede se\u00e7ici oldu\u011funu Irak\u2019ta s\u00f6zde \u201cIrak ve \u015eam Devleti\u201d adl\u0131 ter\u00f6r \u00f6rg\u00fct\u00fc merkezlerini vurdu\u011funu \u00f6te yandan Suriye\u2019de buna yakla\u015fmad\u0131klar\u0131n\u0131 ve Irak\u2019ta kara operasyonlar\u0131 yapmaktan uzak kald\u0131klar\u0131n\u0131 ve rejimin ba\u015fkalar\u0131n\u0131n ve Irak g\u00fcvenlik g\u00fc\u00e7leri elleriyle tespit etmeye \u00e7al\u0131\u015ft\u0131klar\u0131n\u0131 vurgulad\u0131.<\/p>\n<p>&nbsp;<\/p>\n","protected":false},"excerpt":{"rendered":"<p>MOSKOVA \u2013 Rusya Federasyonu Konseyinde Uluslararas\u0131 \u0130li\u015fkiler Komitesi Ba\u015fkan\u0131 Mihail Margelov, Iraktaki durumun Amerikan politikas\u0131n\u0131n orta do\u011fuda iflas etti\u011finin belirtisi oldu\u011funu ilan etti. Mergelov, Irak\u2019taki durumlar\u0131n Amerika Birle\u015fik devletleri taraf\u0131ndan orta do\u011fuda \u201cdemokrasiyi yayma\u201d politikas\u0131n\u0131n ba\u015far\u0131s\u0131zl\u0131\u011f\u0131n\u0131n delili oldu\u011funu \u00f6yle ki, Amerikal\u0131lar\u0131n Irak olsun veya Afganistan\u2019da kaos ve istikrars\u0131zl\u0131k kuyruklar\u0131n\u0131 her yerde arkalar\u0131nda b\u0131rakt\u0131klar\u0131n\u0131 s\u00f6yledi. Margelov, &hellip;<\/p>\n","protected":false},"author":1,"featured_media":7281,"comment_status":"closed","ping_status":"closed","sticky":false,"template":"","format":"standard","meta":{"footnotes":""},"categories":[458,459,447],"tags":[1625],"class_list":["post-7280","post","type-post","status-publish","format-standard","has-post-thumbnail","","category-dunya1","category-haberler-arap-uluslararasi-politika","category-politika","tag-iraktaki-durum-amerikan-politikasinin-basarisizliginin-delilidir"],"_links":{"self":[{"href":"https:\/\/archive.sana.sy\/tr\/index.php?rest_route=\/wp\/v2\/posts\/7280","targetHints":{"allow":["GET"]}}],"collection":[{"href":"https:\/\/archive.sana.sy\/tr\/index.php?rest_route=\/wp\/v2\/posts"}],"about":[{"href":"https:\/\/archive.sana.sy\/tr\/index.php?rest_route=\/wp\/v2\/types\/post"}],"author":[{"embeddable":true,"href":"https:\/\/archive.sana.sy\/tr\/index.php?rest_route=\/wp\/v2\/users\/1"}],"replies":[{"embeddable":true,"href":"https:\/\/archive.sana.sy\/tr\/index.php?rest_route=%2Fwp%2Fv2%2Fcomments&post=7280"}],"version-history":[{"count":0,"href":"https:\/\/archive.sana.sy\/tr\/index.php?rest_route=\/wp\/v2\/posts\/7280\/revisions"}],"wp:featuredmedia":[{"embeddable":true,"href":"https:\/\/archive.sana.sy\/tr\/index.php?rest_route=\/wp\/v2\/media\/7281"}],"wp:attachment":[{"href":"https:\/\/archive.sana.sy\/tr\/index.php?rest_route=%2Fwp%2Fv2%2Fmedia&parent=7280"}],"wp:term":[{"taxonomy":"category","embeddable":true,"href":"https:\/\/archive.sana.sy\/tr\/index.php?rest_route=%2Fwp%2Fv2%2Fcategories&post=7280"},{"taxonomy":"post_tag","embeddable":true,"href":"https:\/\/archive.sana.sy\/tr\/index.php?rest_route=%2Fwp%2Fv2%2Ftags&post=7280"}],"curies":[{"name":"wp","href":"https:\/\/api.w.org\/{rel}","templated":true}]}}