{"id":72804,"date":"2016-05-14T09:35:21","date_gmt":"2016-05-14T06:35:21","guid":{"rendered":"http:\/\/www.sana.sy\/tr\/?p=72804"},"modified":"2016-05-14T13:18:24","modified_gmt":"2016-05-14T10:18:24","slug":"parti-bugun-yayinladigi-beyanda-arastirma-sonuclarinin-hizbullah-ve-direnis-guclerinin-terore-karsi-mucadele-azmini-pekistirecegini-onlari-agir-bir-hezimete-ugratma-israrini-da-arttiracaginin-altini","status":"publish","type":"post","link":"https:\/\/archive.sana.sy\/tr\/?p=72804","title":{"rendered":"Parti bug\u00fcn yay\u0131nlad\u0131\u011f\u0131 beyanda; ara\u015ft\u0131rma sonu\u00e7lar\u0131n\u0131n Hizbullah ve direni\u015f g\u00fc\u00e7lerinin ter\u00f6re kar\u015f\u0131 m\u00fccadele azmini peki\u015ftirece\u011fini, onlar\u0131 a\u011f\u0131r bir hezimete u\u011fratma \u0131srar\u0131n\u0131 da artt\u0131raca\u011f\u0131n\u0131n alt\u0131n\u0131 \u00e7izdi. B\u00fcltende \u015eehit Z\u00fclfikar\u2019\u0131n temennisi, umudu ve yolda\u015flar\u0131na vasiyetinin de bu oldu\u011funa vurgu yap\u0131ld\u0131"},"content":{"rendered":"<p>Parti bug\u00fcn yay\u0131nlad\u0131\u011f\u0131 beyanda; ara\u015ft\u0131rma sonu\u00e7lar\u0131n\u0131n Hizbullah ve direni\u015f g\u00fc\u00e7lerinin ter\u00f6re kar\u015f\u0131 m\u00fccadele azmini peki\u015ftirece\u011fini, onlar\u0131 a\u011f\u0131r bir hezimete u\u011fratma \u0131srar\u0131n\u0131 da artt\u0131raca\u011f\u0131n\u0131n alt\u0131n\u0131 \u00e7izdi. B\u00fcltende \u015eehit Z\u00fclfikar\u2019\u0131n temennisi, umudu ve yolda\u015flar\u0131na vasiyetinin de bu oldu\u011funa vurgu yap\u0131ld\u0131<\/p>\n","protected":false},"excerpt":{"rendered":"<p>Parti bug\u00fcn yay\u0131nlad\u0131\u011f\u0131 beyanda; ara\u015ft\u0131rma sonu\u00e7lar\u0131n\u0131n Hizbullah ve direni\u015f g\u00fc\u00e7lerinin ter\u00f6re kar\u015f\u0131 m\u00fccadele azmini peki\u015ftirece\u011fini, onlar\u0131 a\u011f\u0131r bir hezimete u\u011fratma \u0131srar\u0131n\u0131 da artt\u0131raca\u011f\u0131n\u0131n alt\u0131n\u0131 \u00e7izdi. B\u00fcltende \u015eehit Z\u00fclfikar\u2019\u0131n temennisi, umudu ve yolda\u015flar\u0131na vasiyetinin de bu oldu\u011funa vurgu yap\u0131ld\u0131<\/p>\n","protected":false},"author":1,"featured_media":0,"comment_status":"closed","ping_status":"closed","sticky":false,"template":"","format":"standard","meta":{"footnotes":""},"categories":[17991],"tags":[],"class_list":["post-72804","post","type-post","status-publish","format-standard","","category-son-dakika"],"_links":{"self":[{"href":"https:\/\/archive.sana.sy\/tr\/index.php?rest_route=\/wp\/v2\/posts\/72804","targetHints":{"allow":["GET"]}}],"collection":[{"href":"https:\/\/archive.sana.sy\/tr\/index.php?rest_route=\/wp\/v2\/posts"}],"about":[{"href":"https:\/\/archive.sana.sy\/tr\/index.php?rest_route=\/wp\/v2\/types\/post"}],"author":[{"embeddable":true,"href":"https:\/\/archive.sana.sy\/tr\/index.php?rest_route=\/wp\/v2\/users\/1"}],"replies":[{"embeddable":true,"href":"https:\/\/archive.sana.sy\/tr\/index.php?rest_route=%2Fwp%2Fv2%2Fcomments&post=72804"}],"version-history":[{"count":0,"href":"https:\/\/archive.sana.sy\/tr\/index.php?rest_route=\/wp\/v2\/posts\/72804\/revisions"}],"wp:attachment":[{"href":"https:\/\/archive.sana.sy\/tr\/index.php?rest_route=%2Fwp%2Fv2%2Fmedia&parent=72804"}],"wp:term":[{"taxonomy":"category","embeddable":true,"href":"https:\/\/archive.sana.sy\/tr\/index.php?rest_route=%2Fwp%2Fv2%2Fcategories&post=72804"},{"taxonomy":"post_tag","embeddable":true,"href":"https:\/\/archive.sana.sy\/tr\/index.php?rest_route=%2Fwp%2Fv2%2Ftags&post=72804"}],"curies":[{"name":"wp","href":"https:\/\/api.w.org\/{rel}","templated":true}]}}