{"id":72880,"date":"2016-05-14T15:53:49","date_gmt":"2016-05-14T12:53:49","guid":{"rendered":"http:\/\/sana.sy\/tr\/?p=72880"},"modified":"2016-05-15T15:59:05","modified_gmt":"2016-05-15T12:59:05","slug":"turk-mali-ilac-ve-cephane-tasiyan-teror-grubu-etkisizlestirildi","status":"publish","type":"post","link":"https:\/\/archive.sana.sy\/tr\/?p=72880","title":{"rendered":"T\u00fcrk Mal\u0131 \u0130la\u00e7 ve Cephane Ta\u015f\u0131yan Ter\u00f6r Grubu Etkisizle\u015ftirildi(video)"},"content":{"rendered":"<p>\u0130LLER \u2013 Ordu birliklerimiz \u00e7okuluslu tekfirci ve kiral\u0131k ter\u00f6ristlere kar\u015f\u0131 bug\u00fcn s\u00fcrd\u00fcrd\u00fckleri operasyonlarda ba\u015fta Erdo\u011fan ve Al Suud rejimlerinin destek ve komutalar\u0131nda katliamlar i\u015fleyen bu \u00e7eteleri say\u0131 ve ara\u00e7lar\u0131yla ciddi kay\u0131plara u\u011fratmaya devam etti.<\/p>\n<p><span style=\"color: #0000ff\">HAMA:<\/span><\/p>\n<p>SANA\u2019ya a\u00e7\u0131klama yapan askeri bir kaynak, ordu birliklerimizin Hama k\u0131rsal\u0131n\u0131n g\u00fcneyi Kantara K\u00f6y\u00fc ekseninde bir ter\u00f6r grubunun t\u00fcm \u00fcyelerini etkisiz hale getirdiklerini belirtti.<\/p>\n<p>Kaynak soru\u015fturma ve takip operasyonu sonucunda Kaide \u00d6rg\u00fct\u00fcn\u00fcn Suriye kolu Nusra Cephesine tabi ter\u00f6r grubunun havzas\u0131nda bulunan T\u00fcrk mal\u0131 ila\u00e7, silah ve m\u00fchimmata el koyuldu\u011funu belirtti.<\/p>\n<p>Ordu birliklerimiz d\u00fcnk\u00fc operasyonlar\u0131nda Hama Kentinin yakla\u015f\u0131k 48 km kuzeyine d\u00fc\u015fen Tel Skek B\u00f6lgesinde Erdo\u011fan rejiminden her t\u00fcrl\u00fc deste\u011fi alan Nusra Cephesi ve \u00e7at\u0131s\u0131 alt\u0131ndaki di\u011fer ter\u00f6r \u00f6rg\u00fctlerden 28 ter\u00f6risti \u00f6ld\u00fcrm\u00fc\u015f, a\u011f\u0131r silahlarla donat\u0131lm\u0131\u015f 4 ara\u00e7lar\u0131n\u0131 da imha etmi\u015flerdi.<\/p>\n<p>https:\/\/youtu.be\/uwl63XcfvOc<\/p>\n<p><span style=\"color: #0000ff\">DERA:<\/span><\/p>\n<p>SANA\u2019ya a\u00e7\u0131klama yapan askeri bir kaynak ordu birliklerimizin Dera\u2019da \u0130srail\u2019den her t\u00fcrl\u00fc deste\u011fi alan Nusra Cephesi ve i\u015fbirlik\u00e7ileri di\u011fer ter\u00f6r \u00f6rg\u00fctlere kar\u015f\u0131 bir dizi ba\u015far\u0131l\u0131 operasyonda bulunduklar\u0131n\u0131 belirtti.<\/p>\n<p>Kaynak Dera Beled\u2019in Men\u015fiye Semti g\u00fcneyinde bir ter\u00f6r komuta karargah\u0131 ve siperlerini muhtevalar\u0131yla imha eden ordu birliklerimizin, Nazihin yerle\u015fim kamp\u0131 g\u00fcneyinde de a\u011f\u0131r silahlarla donat\u0131lm\u0131\u015f 4X4 \u00e7eker 2 arac\u0131 da ta\u015f\u0131d\u0131klar\u0131 ter\u00f6rist ve cephaneyle birlikte imha ettiklerini aktard\u0131.<\/p>\n<p>R.H.<\/p>\n","protected":false},"excerpt":{"rendered":"<p>\u0130LLER \u2013 Ordu birliklerimiz \u00e7okuluslu tekfirci ve kiral\u0131k ter\u00f6ristlere kar\u015f\u0131 bug\u00fcn s\u00fcrd\u00fcrd\u00fckleri operasyonlarda ba\u015fta Erdo\u011fan ve Al Suud rejimlerinin destek ve komutalar\u0131nda katliamlar i\u015fleyen bu \u00e7eteleri say\u0131 ve ara\u00e7lar\u0131yla ciddi kay\u0131plara u\u011fratmaya devam etti. HAMA: SANA\u2019ya a\u00e7\u0131klama yapan askeri bir kaynak, ordu birliklerimizin Hama k\u0131rsal\u0131n\u0131n g\u00fcneyi Kantara K\u00f6y\u00fc ekseninde bir ter\u00f6r grubunun t\u00fcm \u00fcyelerini etkisiz &hellip;<\/p>\n","protected":false},"author":1,"featured_media":72881,"comment_status":"closed","ping_status":"closed","sticky":false,"template":"","format":"standard","meta":{"footnotes":""},"categories":[575,17988],"tags":[],"class_list":["post-72880","post","type-post","status-publish","format-standard","has-post-thumbnail","","category-olaylar-ve-gercekler","category-son-haberler"],"_links":{"self":[{"href":"https:\/\/archive.sana.sy\/tr\/index.php?rest_route=\/wp\/v2\/posts\/72880","targetHints":{"allow":["GET"]}}],"collection":[{"href":"https:\/\/archive.sana.sy\/tr\/index.php?rest_route=\/wp\/v2\/posts"}],"about":[{"href":"https:\/\/archive.sana.sy\/tr\/index.php?rest_route=\/wp\/v2\/types\/post"}],"author":[{"embeddable":true,"href":"https:\/\/archive.sana.sy\/tr\/index.php?rest_route=\/wp\/v2\/users\/1"}],"replies":[{"embeddable":true,"href":"https:\/\/archive.sana.sy\/tr\/index.php?rest_route=%2Fwp%2Fv2%2Fcomments&post=72880"}],"version-history":[{"count":0,"href":"https:\/\/archive.sana.sy\/tr\/index.php?rest_route=\/wp\/v2\/posts\/72880\/revisions"}],"wp:featuredmedia":[{"embeddable":true,"href":"https:\/\/archive.sana.sy\/tr\/index.php?rest_route=\/wp\/v2\/media\/72881"}],"wp:attachment":[{"href":"https:\/\/archive.sana.sy\/tr\/index.php?rest_route=%2Fwp%2Fv2%2Fmedia&parent=72880"}],"wp:term":[{"taxonomy":"category","embeddable":true,"href":"https:\/\/archive.sana.sy\/tr\/index.php?rest_route=%2Fwp%2Fv2%2Fcategories&post=72880"},{"taxonomy":"post_tag","embeddable":true,"href":"https:\/\/archive.sana.sy\/tr\/index.php?rest_route=%2Fwp%2Fv2%2Ftags&post=72880"}],"curies":[{"name":"wp","href":"https:\/\/api.w.org\/{rel}","templated":true}]}}