{"id":72898,"date":"2016-05-14T19:05:28","date_gmt":"2016-05-14T16:05:28","guid":{"rendered":"http:\/\/www.sana.sy\/tr\/?p=72898"},"modified":"2016-05-16T11:44:14","modified_gmt":"2016-05-16T08:44:14","slug":"kamislida-bombali-eylem-2","status":"publish","type":"post","link":"https:\/\/archive.sana.sy\/tr\/?p=72898","title":{"rendered":"Kam\u0131\u015fl\u0131\u2019da Bombal\u0131 Eylem"},"content":{"rendered":"<p>HASEKE \u2013 Haseke \u0130line tabi Kam\u0131\u015fl\u0131 Kentinin Merkezi Hilaliye Bulvar\u0131 yak\u0131nlar\u0131nda b\u00fcy\u00fck miktarda patlay\u0131c\u0131yla haz\u0131rlanm\u0131\u015f kapal\u0131 bir minib\u00fcs kullanan intihar eylemcisi bir ter\u00f6ristin kendini havaya u\u00e7urmas\u0131 sonucunda 5 ki\u015fi \u015fehit, bir\u00e7ok ki\u015fi de yaral\u0131 d\u00fc\u015ft\u00fc.<\/p>\n<p>Haseke \u0130l Emniyet M\u00fcd\u00fcrl\u00fc\u011f\u00fcnde yetkili bir kayna\u011f\u0131n SANA\u2019ya aktard\u0131\u011f\u0131 haberde yaral\u0131lar\u0131n bir k\u0131sm\u0131n\u0131n a\u011f\u0131r oldu\u011funu belirtirken olay yak\u0131n\u0131nda bulunan ev, i\u015fyerleri ve ara\u00e7larda b\u00fcy\u00fck hasarlar\u0131n olu\u015ftu\u011funu ifade etti.<\/p>\n<p>T\u00fcrkiye s\u0131n\u0131rlar\u0131na yak\u0131n Kam\u0131\u015fl\u0131 Kenti daha \u00f6nce I\u015e\u0130D ter\u00f6ristleri taraf\u0131ndan bir dizi ter\u00f6r sald\u0131r\u0131s\u0131na maruz kalm\u0131\u015ft\u0131.<\/p>\n","protected":false},"excerpt":{"rendered":"<p>HASEKE \u2013 Haseke \u0130line tabi Kam\u0131\u015fl\u0131 Kentinin Merkezi Hilaliye Bulvar\u0131 yak\u0131nlar\u0131nda b\u00fcy\u00fck miktarda patlay\u0131c\u0131yla haz\u0131rlanm\u0131\u015f kapal\u0131 bir minib\u00fcs kullanan intihar eylemcisi bir ter\u00f6ristin kendini havaya u\u00e7urmas\u0131 sonucunda 5 ki\u015fi \u015fehit, bir\u00e7ok ki\u015fi de yaral\u0131 d\u00fc\u015ft\u00fc. Haseke \u0130l Emniyet M\u00fcd\u00fcrl\u00fc\u011f\u00fcnde yetkili bir kayna\u011f\u0131n SANA\u2019ya aktard\u0131\u011f\u0131 haberde yaral\u0131lar\u0131n bir k\u0131sm\u0131n\u0131n a\u011f\u0131r oldu\u011funu belirtirken olay yak\u0131n\u0131nda bulunan ev, &hellip;<\/p>\n","protected":false},"author":1,"featured_media":72899,"comment_status":"closed","ping_status":"closed","sticky":false,"template":"","format":"standard","meta":{"footnotes":""},"categories":[479,575,17988,478],"tags":[],"class_list":["post-72898","post","type-post","status-publish","format-standard","has-post-thumbnail","","category-haberler-yerel","category-olaylar-ve-gercekler","category-son-haberler","category-yerel"],"_links":{"self":[{"href":"https:\/\/archive.sana.sy\/tr\/index.php?rest_route=\/wp\/v2\/posts\/72898","targetHints":{"allow":["GET"]}}],"collection":[{"href":"https:\/\/archive.sana.sy\/tr\/index.php?rest_route=\/wp\/v2\/posts"}],"about":[{"href":"https:\/\/archive.sana.sy\/tr\/index.php?rest_route=\/wp\/v2\/types\/post"}],"author":[{"embeddable":true,"href":"https:\/\/archive.sana.sy\/tr\/index.php?rest_route=\/wp\/v2\/users\/1"}],"replies":[{"embeddable":true,"href":"https:\/\/archive.sana.sy\/tr\/index.php?rest_route=%2Fwp%2Fv2%2Fcomments&post=72898"}],"version-history":[{"count":0,"href":"https:\/\/archive.sana.sy\/tr\/index.php?rest_route=\/wp\/v2\/posts\/72898\/revisions"}],"wp:featuredmedia":[{"embeddable":true,"href":"https:\/\/archive.sana.sy\/tr\/index.php?rest_route=\/wp\/v2\/media\/72899"}],"wp:attachment":[{"href":"https:\/\/archive.sana.sy\/tr\/index.php?rest_route=%2Fwp%2Fv2%2Fmedia&parent=72898"}],"wp:term":[{"taxonomy":"category","embeddable":true,"href":"https:\/\/archive.sana.sy\/tr\/index.php?rest_route=%2Fwp%2Fv2%2Fcategories&post=72898"},{"taxonomy":"post_tag","embeddable":true,"href":"https:\/\/archive.sana.sy\/tr\/index.php?rest_route=%2Fwp%2Fv2%2Ftags&post=72898"}],"curies":[{"name":"wp","href":"https:\/\/api.w.org\/{rel}","templated":true}]}}