{"id":7290,"date":"2014-08-14T14:11:48","date_gmt":"2014-08-14T11:11:48","guid":{"rendered":"http:\/\/www.sana.sy\/tr\/?p=7290"},"modified":"2014-08-14T14:11:48","modified_gmt":"2014-08-14T11:11:48","slug":"genc-milli-futbol-takimi-lazkiyede-kampa-girdi","status":"publish","type":"post","link":"https:\/\/archive.sana.sy\/tr\/?p=7290","title":{"rendered":"Gen\u00e7 Milli Futbol Tak\u0131m\u0131 Lazkiye\u2019de Kampa Girdi"},"content":{"rendered":"<p>LAZK\u0130YE \u2013 Gelecek Eyl\u00fcl ay\u0131n\u0131n 6\u2019s\u0131nda Tayland\u2019ta d\u00fczenlenmesi kararla\u015ft\u0131r\u0131lan Asya Kupas\u0131 finallerine haz\u0131rl\u0131k olarak, \u0130ran, Suudi Arabistan ve Katar tak\u0131mlar\u0131n\u0131n yer ald\u0131\u011f\u0131 4.grupta oynayacak olan Suriye Gen\u00e7 Milli Futbol Tak\u0131m\u0131m\u0131z haz\u0131rl\u0131klar\u0131n\u0131 Lazkiye\u2019deki kampta yo\u011funla\u015ft\u0131rd\u0131.<\/p>\n<p>Ge\u00e7en Pazar g\u00fcn\u00fc Lazkiye kentinde e\u011fitim kamp\u0131na giren millilerimiz haz\u0131rl\u0131k plan\u0131 \u00e7er\u00e7evesinde bug\u00fcn saat 15:00\u2019te Ceble kentinde Ceble tak\u0131m\u0131yla bir araya geliyor.<\/p>\n<p>Lazkiye Olimpiyat Stadyumunda da gelecek Cumartesi g\u00fcn\u00fc yine ayn\u0131 saatte Hattin Gen\u00e7 tak\u0131m\u0131yla bir araya gelirken Pazar sabah\u0131 \u015eam\u2019a d\u00f6n\u00fcyor.<\/p>\n<p>&nbsp;<\/p>\n","protected":false},"excerpt":{"rendered":"<p>LAZK\u0130YE \u2013 Gelecek Eyl\u00fcl ay\u0131n\u0131n 6\u2019s\u0131nda Tayland\u2019ta d\u00fczenlenmesi kararla\u015ft\u0131r\u0131lan Asya Kupas\u0131 finallerine haz\u0131rl\u0131k olarak, \u0130ran, Suudi Arabistan ve Katar tak\u0131mlar\u0131n\u0131n yer ald\u0131\u011f\u0131 4.grupta oynayacak olan Suriye Gen\u00e7 Milli Futbol Tak\u0131m\u0131m\u0131z haz\u0131rl\u0131klar\u0131n\u0131 Lazkiye\u2019deki kampta yo\u011funla\u015ft\u0131rd\u0131. Ge\u00e7en Pazar g\u00fcn\u00fc Lazkiye kentinde e\u011fitim kamp\u0131na giren millilerimiz haz\u0131rl\u0131k plan\u0131 \u00e7er\u00e7evesinde bug\u00fcn saat 15:00\u2019te Ceble kentinde Ceble tak\u0131m\u0131yla bir araya &hellip;<\/p>\n","protected":false},"author":1,"featured_media":7291,"comment_status":"closed","ping_status":"closed","sticky":false,"template":"","format":"standard","meta":{"footnotes":""},"categories":[496,497],"tags":[1627],"class_list":["post-7290","post","type-post","status-publish","format-standard","has-post-thumbnail","","category-spor","category-yerel-turnuvalar","tag-genc-milli-futbol-takimi-lazkiyede-kampa-girdi"],"_links":{"self":[{"href":"https:\/\/archive.sana.sy\/tr\/index.php?rest_route=\/wp\/v2\/posts\/7290","targetHints":{"allow":["GET"]}}],"collection":[{"href":"https:\/\/archive.sana.sy\/tr\/index.php?rest_route=\/wp\/v2\/posts"}],"about":[{"href":"https:\/\/archive.sana.sy\/tr\/index.php?rest_route=\/wp\/v2\/types\/post"}],"author":[{"embeddable":true,"href":"https:\/\/archive.sana.sy\/tr\/index.php?rest_route=\/wp\/v2\/users\/1"}],"replies":[{"embeddable":true,"href":"https:\/\/archive.sana.sy\/tr\/index.php?rest_route=%2Fwp%2Fv2%2Fcomments&post=7290"}],"version-history":[{"count":0,"href":"https:\/\/archive.sana.sy\/tr\/index.php?rest_route=\/wp\/v2\/posts\/7290\/revisions"}],"wp:featuredmedia":[{"embeddable":true,"href":"https:\/\/archive.sana.sy\/tr\/index.php?rest_route=\/wp\/v2\/media\/7291"}],"wp:attachment":[{"href":"https:\/\/archive.sana.sy\/tr\/index.php?rest_route=%2Fwp%2Fv2%2Fmedia&parent=7290"}],"wp:term":[{"taxonomy":"category","embeddable":true,"href":"https:\/\/archive.sana.sy\/tr\/index.php?rest_route=%2Fwp%2Fv2%2Fcategories&post=7290"},{"taxonomy":"post_tag","embeddable":true,"href":"https:\/\/archive.sana.sy\/tr\/index.php?rest_route=%2Fwp%2Fv2%2Ftags&post=7290"}],"curies":[{"name":"wp","href":"https:\/\/api.w.org\/{rel}","templated":true}]}}