{"id":72914,"date":"2016-05-15T14:06:17","date_gmt":"2016-05-15T11:06:17","guid":{"rendered":"http:\/\/www.sana.sy\/tr\/?p=72914"},"modified":"2016-05-15T14:19:16","modified_gmt":"2016-05-15T11:19:16","slug":"temel-sorumlulugu-erdogan-hukumetine-yukledi","status":"publish","type":"post","link":"https:\/\/archive.sana.sy\/tr\/?p=72914","title":{"rendered":"Temel Sorumlulu\u011fu Erdo\u011fan H\u00fck\u00fcmetine Y\u00fckledi"},"content":{"rendered":"<p>\u015eAM \u2013 Suriye&#8217;de sanayi kurumlar\u0131 ve fabrikalar\u0131 ya\u011fmalan\u0131p \u00e7alan ve T\u00fcrkiye&#8217;ye ta\u015f\u0131yan ter\u00f6r \u00f6rg\u00fctlerin yarg\u0131lanmalar\u0131 i\u00e7in yarg\u0131sal dosyalar haz\u0131rlayan komite ilk raporunu yay\u0131nlad\u0131.<\/p>\n<p>Komite raporunda sanayi kurumlar\u0131 ve fabrikalar\u0131n ya\u011fmalan\u0131p \u00e7al\u0131nmas\u0131 sorumlulu\u011funu Recep Tayip Erdo\u011fan ile temsil olan T\u00fcrkiye h\u00fck\u00fcmetini y\u00fckleyerek bu kurum ve fabrikalar\u0131n sahiplerine tazminat \u00f6demekle sorumlu k\u0131ld\u0131.<\/p>\n<p>Komite ya\u011fmalanan sanayi kurumlar\u0131 ve fabrika sahiplerinin u\u011frad\u0131klar\u0131 hasar miktar\u0131n\u0131n \u015fu ana dek 5.295 milyar dolar oldu\u011funu belirtti.<\/p>\n","protected":false},"excerpt":{"rendered":"<p>\u015eAM \u2013 Suriye&#8217;de sanayi kurumlar\u0131 ve fabrikalar\u0131 ya\u011fmalan\u0131p \u00e7alan ve T\u00fcrkiye&#8217;ye ta\u015f\u0131yan ter\u00f6r \u00f6rg\u00fctlerin yarg\u0131lanmalar\u0131 i\u00e7in yarg\u0131sal dosyalar haz\u0131rlayan komite ilk raporunu yay\u0131nlad\u0131. Komite raporunda sanayi kurumlar\u0131 ve fabrikalar\u0131n ya\u011fmalan\u0131p \u00e7al\u0131nmas\u0131 sorumlulu\u011funu Recep Tayip Erdo\u011fan ile temsil olan T\u00fcrkiye h\u00fck\u00fcmetini y\u00fckleyerek bu kurum ve fabrikalar\u0131n sahiplerine tazminat \u00f6demekle sorumlu k\u0131ld\u0131. Komite ya\u011fmalanan sanayi kurumlar\u0131 ve &hellip;<\/p>\n","protected":false},"author":1,"featured_media":72937,"comment_status":"closed","ping_status":"closed","sticky":false,"template":"","format":"standard","meta":{"footnotes":""},"categories":[485,486,575,17988],"tags":[9401,21114,21113,21115,17096,21112,21110,21111],"class_list":["post-72914","post","type-post","status-publish","format-standard","has-post-thumbnail","","category-is-ve-sermaye","category-haberler-is-ve-sermaye","category-olaylar-ve-gercekler","category-son-haberler","tag-erdogan","tag-fabrikalar-calindi","tag-halep-fabrikalari","tag-halep-haramisi","tag-recep-tayip-erdogan","tag-sanayi-kurumlari","tag-suriyede-sanayi-kurumu","tag-yagmalanan-fabrikalar"],"_links":{"self":[{"href":"https:\/\/archive.sana.sy\/tr\/index.php?rest_route=\/wp\/v2\/posts\/72914","targetHints":{"allow":["GET"]}}],"collection":[{"href":"https:\/\/archive.sana.sy\/tr\/index.php?rest_route=\/wp\/v2\/posts"}],"about":[{"href":"https:\/\/archive.sana.sy\/tr\/index.php?rest_route=\/wp\/v2\/types\/post"}],"author":[{"embeddable":true,"href":"https:\/\/archive.sana.sy\/tr\/index.php?rest_route=\/wp\/v2\/users\/1"}],"replies":[{"embeddable":true,"href":"https:\/\/archive.sana.sy\/tr\/index.php?rest_route=%2Fwp%2Fv2%2Fcomments&post=72914"}],"version-history":[{"count":0,"href":"https:\/\/archive.sana.sy\/tr\/index.php?rest_route=\/wp\/v2\/posts\/72914\/revisions"}],"wp:featuredmedia":[{"embeddable":true,"href":"https:\/\/archive.sana.sy\/tr\/index.php?rest_route=\/wp\/v2\/media\/72937"}],"wp:attachment":[{"href":"https:\/\/archive.sana.sy\/tr\/index.php?rest_route=%2Fwp%2Fv2%2Fmedia&parent=72914"}],"wp:term":[{"taxonomy":"category","embeddable":true,"href":"https:\/\/archive.sana.sy\/tr\/index.php?rest_route=%2Fwp%2Fv2%2Fcategories&post=72914"},{"taxonomy":"post_tag","embeddable":true,"href":"https:\/\/archive.sana.sy\/tr\/index.php?rest_route=%2Fwp%2Fv2%2Ftags&post=72914"}],"curies":[{"name":"wp","href":"https:\/\/api.w.org\/{rel}","templated":true}]}}