{"id":72925,"date":"2016-05-15T08:23:40","date_gmt":"2016-05-15T05:23:40","guid":{"rendered":"http:\/\/www.sana.sy\/tr\/?p=72925"},"modified":"2016-05-15T14:18:24","modified_gmt":"2016-05-15T11:18:24","slug":"komite-raporunda-sanayi-kurumlari-ve-fabrikalarin-yagmalanip-calinmasi-sorumlulugunu-recep-tayip-erdogan-ile-temsil-olan-turkiye-hukumetini-yukleyerek-bu-kurum-ve-fabrikalarin-sahiplerine-tazminat-ode","status":"publish","type":"post","link":"https:\/\/archive.sana.sy\/tr\/?p=72925","title":{"rendered":"Komite raporunda sanayi kurumlar\u0131 ve fabrikalar\u0131n ya\u011fmalan\u0131p \u00e7al\u0131nmas\u0131 sorumlulu\u011funu Recep Tayip Erdo\u011fan ile temsil olan T\u00fcrkiye h\u00fck\u00fcmetini y\u00fckleyerek bu kurum ve fabrikalar\u0131n sahiplerine tazminat \u00f6demekle sorumlu k\u0131ld\u0131"},"content":{"rendered":"<p>Komite raporunda sanayi kurumlar\u0131 ve fabrikalar\u0131n ya\u011fmalan\u0131p \u00e7al\u0131nmas\u0131 sorumlulu\u011funu Recep Tayip Erdo\u011fan ile temsil olan T\u00fcrkiye h\u00fck\u00fcmetini y\u00fckleyerek bu kurum ve fabrikalar\u0131n sahiplerine tazminat \u00f6demekle sorumlu k\u0131ld\u0131<\/p>\n","protected":false},"excerpt":{"rendered":"<p>Komite raporunda sanayi kurumlar\u0131 ve fabrikalar\u0131n ya\u011fmalan\u0131p \u00e7al\u0131nmas\u0131 sorumlulu\u011funu Recep Tayip Erdo\u011fan ile temsil olan T\u00fcrkiye h\u00fck\u00fcmetini y\u00fckleyerek bu kurum ve fabrikalar\u0131n sahiplerine tazminat \u00f6demekle sorumlu k\u0131ld\u0131<\/p>\n","protected":false},"author":1,"featured_media":0,"comment_status":"closed","ping_status":"closed","sticky":false,"template":"","format":"standard","meta":{"footnotes":""},"categories":[17991],"tags":[],"class_list":["post-72925","post","type-post","status-publish","format-standard","","category-son-dakika"],"_links":{"self":[{"href":"https:\/\/archive.sana.sy\/tr\/index.php?rest_route=\/wp\/v2\/posts\/72925","targetHints":{"allow":["GET"]}}],"collection":[{"href":"https:\/\/archive.sana.sy\/tr\/index.php?rest_route=\/wp\/v2\/posts"}],"about":[{"href":"https:\/\/archive.sana.sy\/tr\/index.php?rest_route=\/wp\/v2\/types\/post"}],"author":[{"embeddable":true,"href":"https:\/\/archive.sana.sy\/tr\/index.php?rest_route=\/wp\/v2\/users\/1"}],"replies":[{"embeddable":true,"href":"https:\/\/archive.sana.sy\/tr\/index.php?rest_route=%2Fwp%2Fv2%2Fcomments&post=72925"}],"version-history":[{"count":0,"href":"https:\/\/archive.sana.sy\/tr\/index.php?rest_route=\/wp\/v2\/posts\/72925\/revisions"}],"wp:attachment":[{"href":"https:\/\/archive.sana.sy\/tr\/index.php?rest_route=%2Fwp%2Fv2%2Fmedia&parent=72925"}],"wp:term":[{"taxonomy":"category","embeddable":true,"href":"https:\/\/archive.sana.sy\/tr\/index.php?rest_route=%2Fwp%2Fv2%2Fcategories&post=72925"},{"taxonomy":"post_tag","embeddable":true,"href":"https:\/\/archive.sana.sy\/tr\/index.php?rest_route=%2Fwp%2Fv2%2Ftags&post=72925"}],"curies":[{"name":"wp","href":"https:\/\/api.w.org\/{rel}","templated":true}]}}