{"id":72934,"date":"2016-05-15T08:32:31","date_gmt":"2016-05-15T05:32:31","guid":{"rendered":"http:\/\/www.sana.sy\/tr\/?p=72934"},"modified":"2016-05-15T14:19:00","modified_gmt":"2016-05-15T11:19:00","slug":"komite-yagmalanan-sanayi-kurumlari-ve-fabrika-sahiplerinin-ugradiklari-hasar-miktarinin-su-ana-dek-5-295-milyar-dolar-oldugunu-belirtti","status":"publish","type":"post","link":"https:\/\/archive.sana.sy\/tr\/?p=72934","title":{"rendered":"Komite ya\u011fmalanan sanayi kurumlar\u0131 ve fabrika sahiplerinin u\u011frad\u0131klar\u0131 hasar miktar\u0131n\u0131n \u015fu ana dek 5.295 milyar dolar oldu\u011funu belirtti"},"content":{"rendered":"<p>Komite ya\u011fmalanan sanayi kurumlar\u0131 ve fabrika sahiplerinin u\u011frad\u0131klar\u0131 hasar miktar\u0131n\u0131n \u015fu ana dek 5.295 milyar dolar oldu\u011funu belirtti<\/p>\n","protected":false},"excerpt":{"rendered":"<p>Komite ya\u011fmalanan sanayi kurumlar\u0131 ve fabrika sahiplerinin u\u011frad\u0131klar\u0131 hasar miktar\u0131n\u0131n \u015fu ana dek 5.295 milyar dolar oldu\u011funu belirtti<\/p>\n","protected":false},"author":1,"featured_media":0,"comment_status":"closed","ping_status":"closed","sticky":false,"template":"","format":"standard","meta":{"footnotes":""},"categories":[17991],"tags":[],"class_list":["post-72934","post","type-post","status-publish","format-standard","","category-son-dakika"],"_links":{"self":[{"href":"https:\/\/archive.sana.sy\/tr\/index.php?rest_route=\/wp\/v2\/posts\/72934","targetHints":{"allow":["GET"]}}],"collection":[{"href":"https:\/\/archive.sana.sy\/tr\/index.php?rest_route=\/wp\/v2\/posts"}],"about":[{"href":"https:\/\/archive.sana.sy\/tr\/index.php?rest_route=\/wp\/v2\/types\/post"}],"author":[{"embeddable":true,"href":"https:\/\/archive.sana.sy\/tr\/index.php?rest_route=\/wp\/v2\/users\/1"}],"replies":[{"embeddable":true,"href":"https:\/\/archive.sana.sy\/tr\/index.php?rest_route=%2Fwp%2Fv2%2Fcomments&post=72934"}],"version-history":[{"count":0,"href":"https:\/\/archive.sana.sy\/tr\/index.php?rest_route=\/wp\/v2\/posts\/72934\/revisions"}],"wp:attachment":[{"href":"https:\/\/archive.sana.sy\/tr\/index.php?rest_route=%2Fwp%2Fv2%2Fmedia&parent=72934"}],"wp:term":[{"taxonomy":"category","embeddable":true,"href":"https:\/\/archive.sana.sy\/tr\/index.php?rest_route=%2Fwp%2Fv2%2Fcategories&post=72934"},{"taxonomy":"post_tag","embeddable":true,"href":"https:\/\/archive.sana.sy\/tr\/index.php?rest_route=%2Fwp%2Fv2%2Ftags&post=72934"}],"curies":[{"name":"wp","href":"https:\/\/api.w.org\/{rel}","templated":true}]}}