{"id":72949,"date":"2016-05-15T09:47:56","date_gmt":"2016-05-15T06:47:56","guid":{"rendered":"http:\/\/www.sana.sy\/tr\/?p=72949"},"modified":"2016-05-16T15:16:11","modified_gmt":"2016-05-16T12:16:11","slug":"gelisiguzel-saldirilari-devam-ediyor","status":"publish","type":"post","link":"https:\/\/archive.sana.sy\/tr\/?p=72949","title":{"rendered":"Geli\u015fig\u00fczel Sald\u0131r\u0131lar\u0131 Devam Ediyor"},"content":{"rendered":"<p>HALEP \u2013 Halep\u2019te Erdo\u011fan ve Al Suud rejimlerinin destek ve komutas\u0131nda ter\u00f6r estirmeye devam eden \u00e7okuluslu tekfirci ve kiral\u0131k \u00e7eteler bug\u00fcn yine yerle\u015fim alanlar\u0131na geli\u015fig\u00fczel f\u00fcze sald\u0131r\u0131lar\u0131nda bulundular.<\/p>\n<p>Halep Emniyet M\u00fcd\u00fcrl\u00fc\u011f\u00fcnde yetkili bir kaynak ter\u00f6ristlerin sivil yerle\u015fim alan\u0131 Zehra Bostanlar\u0131na f\u00fcze sald\u0131r\u0131lar\u0131nda bir kad\u0131n\u0131n yaraland\u0131\u011f\u0131n\u0131, evlerde de b\u00fcy\u00fck hasarlar\u0131n olu\u015ftu\u011funu s\u00f6yledi.<\/p>\n","protected":false},"excerpt":{"rendered":"<p>HALEP \u2013 Halep\u2019te Erdo\u011fan ve Al Suud rejimlerinin destek ve komutas\u0131nda ter\u00f6r estirmeye devam eden \u00e7okuluslu tekfirci ve kiral\u0131k \u00e7eteler bug\u00fcn yine yerle\u015fim alanlar\u0131na geli\u015fig\u00fczel f\u00fcze sald\u0131r\u0131lar\u0131nda bulundular. Halep Emniyet M\u00fcd\u00fcrl\u00fc\u011f\u00fcnde yetkili bir kaynak ter\u00f6ristlerin sivil yerle\u015fim alan\u0131 Zehra Bostanlar\u0131na f\u00fcze sald\u0131r\u0131lar\u0131nda bir kad\u0131n\u0131n yaraland\u0131\u011f\u0131n\u0131, evlerde de b\u00fcy\u00fck hasarlar\u0131n olu\u015ftu\u011funu s\u00f6yledi.<\/p>\n","protected":false},"author":1,"featured_media":71069,"comment_status":"closed","ping_status":"closed","sticky":false,"template":"","format":"standard","meta":{"footnotes":""},"categories":[479,575,17988,478],"tags":[3464,9401,18066,18344,21118,21119,5010,18347,19034],"class_list":["post-72949","post","type-post","status-publish","format-standard","has-post-thumbnail","","category-haberler-yerel","category-olaylar-ve-gercekler","category-son-haberler","category-yerel","tag-nusra-cephesi","tag-erdogan","tag-erdogan-rejimi","tag-gelisiguzel-saldirilar","tag-gelisiguzel-saldirilari-devam-ediyor","tag-halepte-fuze-saldirilari","tag-havan-saldirilari","tag-oso","tag-suriyeli-muhalifler"],"_links":{"self":[{"href":"https:\/\/archive.sana.sy\/tr\/index.php?rest_route=\/wp\/v2\/posts\/72949","targetHints":{"allow":["GET"]}}],"collection":[{"href":"https:\/\/archive.sana.sy\/tr\/index.php?rest_route=\/wp\/v2\/posts"}],"about":[{"href":"https:\/\/archive.sana.sy\/tr\/index.php?rest_route=\/wp\/v2\/types\/post"}],"author":[{"embeddable":true,"href":"https:\/\/archive.sana.sy\/tr\/index.php?rest_route=\/wp\/v2\/users\/1"}],"replies":[{"embeddable":true,"href":"https:\/\/archive.sana.sy\/tr\/index.php?rest_route=%2Fwp%2Fv2%2Fcomments&post=72949"}],"version-history":[{"count":0,"href":"https:\/\/archive.sana.sy\/tr\/index.php?rest_route=\/wp\/v2\/posts\/72949\/revisions"}],"wp:featuredmedia":[{"embeddable":true,"href":"https:\/\/archive.sana.sy\/tr\/index.php?rest_route=\/wp\/v2\/media\/71069"}],"wp:attachment":[{"href":"https:\/\/archive.sana.sy\/tr\/index.php?rest_route=%2Fwp%2Fv2%2Fmedia&parent=72949"}],"wp:term":[{"taxonomy":"category","embeddable":true,"href":"https:\/\/archive.sana.sy\/tr\/index.php?rest_route=%2Fwp%2Fv2%2Fcategories&post=72949"},{"taxonomy":"post_tag","embeddable":true,"href":"https:\/\/archive.sana.sy\/tr\/index.php?rest_route=%2Fwp%2Fv2%2Ftags&post=72949"}],"curies":[{"name":"wp","href":"https:\/\/api.w.org\/{rel}","templated":true}]}}