{"id":72963,"date":"2016-05-15T12:19:55","date_gmt":"2016-05-15T09:19:55","guid":{"rendered":"http:\/\/www.sana.sy\/tr\/?p=72963"},"modified":"2016-05-15T15:22:05","modified_gmt":"2016-05-15T12:22:05","slug":"halep-il-egitim-muduru-ibrahim-maso-erdogan-rejiminden-destek-ve-talimat-alan-teroristlerin-kirsal-bolgelerden-ogrencilerin-sinavlara-katilimini-engellemeleri-nedeniyle-ogrenci-giyabinin-yuksek-oldug","status":"publish","type":"post","link":"https:\/\/archive.sana.sy\/tr\/?p=72963","title":{"rendered":"Halep \u0130l E\u011fitim M\u00fcd\u00fcr\u00fc \u0130brahim Maso; Erdo\u011fan rejiminden destek ve talimat alan ter\u00f6ristlerin k\u0131rsal b\u00f6lgelerden \u00f6\u011frencilerin s\u0131navlara kat\u0131l\u0131m\u0131n\u0131 engellemeleri nedeniyle \u00f6\u011frenci g\u0131yab\u0131n\u0131n y\u00fcksek oldu\u011funu ilan etti"},"content":{"rendered":"<p>Halep \u0130l E\u011fitim M\u00fcd\u00fcr\u00fc \u0130brahim Maso; Erdo\u011fan rejiminden destek ve talimat alan ter\u00f6ristlerin k\u0131rsal b\u00f6lgelerden \u00f6\u011frencilerin s\u0131navlara kat\u0131l\u0131m\u0131n\u0131 engellemeleri nedeniyle \u00f6\u011frenci g\u0131yab\u0131n\u0131n y\u00fcksek oldu\u011funu ilan etti<\/p>\n","protected":false},"excerpt":{"rendered":"<p>Halep \u0130l E\u011fitim M\u00fcd\u00fcr\u00fc \u0130brahim Maso; Erdo\u011fan rejiminden destek ve talimat alan ter\u00f6ristlerin k\u0131rsal b\u00f6lgelerden \u00f6\u011frencilerin s\u0131navlara kat\u0131l\u0131m\u0131n\u0131 engellemeleri nedeniyle \u00f6\u011frenci g\u0131yab\u0131n\u0131n y\u00fcksek oldu\u011funu ilan etti<\/p>\n","protected":false},"author":1,"featured_media":0,"comment_status":"closed","ping_status":"closed","sticky":false,"template":"","format":"standard","meta":{"footnotes":""},"categories":[17991],"tags":[],"class_list":["post-72963","post","type-post","status-publish","format-standard","","category-son-dakika"],"_links":{"self":[{"href":"https:\/\/archive.sana.sy\/tr\/index.php?rest_route=\/wp\/v2\/posts\/72963","targetHints":{"allow":["GET"]}}],"collection":[{"href":"https:\/\/archive.sana.sy\/tr\/index.php?rest_route=\/wp\/v2\/posts"}],"about":[{"href":"https:\/\/archive.sana.sy\/tr\/index.php?rest_route=\/wp\/v2\/types\/post"}],"author":[{"embeddable":true,"href":"https:\/\/archive.sana.sy\/tr\/index.php?rest_route=\/wp\/v2\/users\/1"}],"replies":[{"embeddable":true,"href":"https:\/\/archive.sana.sy\/tr\/index.php?rest_route=%2Fwp%2Fv2%2Fcomments&post=72963"}],"version-history":[{"count":0,"href":"https:\/\/archive.sana.sy\/tr\/index.php?rest_route=\/wp\/v2\/posts\/72963\/revisions"}],"wp:attachment":[{"href":"https:\/\/archive.sana.sy\/tr\/index.php?rest_route=%2Fwp%2Fv2%2Fmedia&parent=72963"}],"wp:term":[{"taxonomy":"category","embeddable":true,"href":"https:\/\/archive.sana.sy\/tr\/index.php?rest_route=%2Fwp%2Fv2%2Fcategories&post=72963"},{"taxonomy":"post_tag","embeddable":true,"href":"https:\/\/archive.sana.sy\/tr\/index.php?rest_route=%2Fwp%2Fv2%2Ftags&post=72963"}],"curies":[{"name":"wp","href":"https:\/\/api.w.org\/{rel}","templated":true}]}}