{"id":72967,"date":"2016-05-15T15:57:51","date_gmt":"2016-05-15T12:57:51","guid":{"rendered":"http:\/\/www.sana.sy\/tr\/?p=72967"},"modified":"2016-05-16T15:42:36","modified_gmt":"2016-05-16T12:42:36","slug":"hastanede-dehset-verici-bir-katliam-islediler","status":"publish","type":"post","link":"https:\/\/archive.sana.sy\/tr\/?p=72967","title":{"rendered":"Hastanede Deh\u015fet Verici Bir Katliam \u0130\u015flediler"},"content":{"rendered":"<p>\u015eAM \u2013 Sa\u011fl\u0131k Bakanl\u0131\u011f\u0131; I\u015e\u0130D ter\u00f6r \u00f6rg\u00fct\u00fcn\u00fcn d\u00fcn Deyrezzor Kentinde Esad Hastanesine sald\u0131rarak deh\u015fet verici bir katliamda bulundu\u011funu ilan etti.<\/p>\n<p>Bakanl\u0131k bug\u00fcn yay\u0131nlad\u0131\u011f\u0131 ve bir n\u00fcshas\u0131n\u0131 SANA\u2019ya g\u00f6nderdi\u011fi beyan\u0131nda; I\u015e\u0130D tekfircilerinin hastanede sa\u011fl\u0131k ekibinin bir k\u0131sm\u0131n\u0131 so\u011fuk kanl\u0131l\u0131k ve vah\u015fetle \u00f6ld\u00fcrmeleri ard\u0131ndan bir k\u0131sm\u0131n\u0131 da ka\u00e7\u0131rd\u0131klar\u0131n\u0131 belirtti. Katliam\u0131 keskin ifadelerle k\u0131nayan bakanl\u0131k, \u015fehit yak\u0131nlar\u0131na taziyelerini, bir y\u0131ldan fazla s\u00fcredir ter\u00f6r ablukas\u0131 alt\u0131ndaki Deyrezzor\u2019da hastanedeki mevkilerini terk etmeyip yaral\u0131 ve hastalara yard\u0131m eden sa\u011fl\u0131k ekiplerine de takdirlerini ifade etti.<\/p>\n<p>BM kurumlar\u0131 ve t\u00fcm uluslar aras\u0131 toplumu belli ba\u015fl\u0131 rejimlerin destekledikleri ter\u00f6ristlerin Suriye&#8217;de i\u015fledikleri insanl\u0131k d\u0131\u015f\u0131 vah\u015fetlere bir kez daha dikkatini \u00e7eken bakanl\u0131k; tekfirci ter\u00f6r\u00fc destekleyen rejim ve g\u00fc\u00e7lere kar\u015f\u0131 etkin cayd\u0131r\u0131c\u0131 icraatlar al\u0131nmas\u0131 \u00e7a\u011fr\u0131s\u0131n\u0131 yineledi.<\/p>\n<p>Bakanl\u0131k yurdun her kar\u0131\u015f topra\u011f\u0131nda Suriyelilere yard\u0131m ve destekte bulunma \u00f6zeni \u00e7er\u00e7evesinde Deyrezzor Kentine gerekli ila\u00e7 ve t\u0131bbi te\u00e7hizatlar\u0131 g\u00f6ndermeye devam etti\u011fini vurgulad\u0131.<\/p>\n<p>Askeri bir kaynak d\u00fcn yapt\u0131\u011f\u0131 a\u00e7\u0131klamada; ordu birliklerimizin Deyrezzor Kentinde Esad Hastanesine sald\u0131ran I\u015e\u0130D\u2019li bir grup ter\u00f6risti etkisiz hale getirdiklerini ve esir ald\u0131klar\u0131 vatanda\u015flarla birlikte sa\u011fl\u0131k ekibini kurtard\u0131\u011f\u0131n\u0131 ilan etmi\u015fti.<\/p>\n","protected":false},"excerpt":{"rendered":"<p>\u015eAM \u2013 Sa\u011fl\u0131k Bakanl\u0131\u011f\u0131; I\u015e\u0130D ter\u00f6r \u00f6rg\u00fct\u00fcn\u00fcn d\u00fcn Deyrezzor Kentinde Esad Hastanesine sald\u0131rarak deh\u015fet verici bir katliamda bulundu\u011funu ilan etti. Bakanl\u0131k bug\u00fcn yay\u0131nlad\u0131\u011f\u0131 ve bir n\u00fcshas\u0131n\u0131 SANA\u2019ya g\u00f6nderdi\u011fi beyan\u0131nda; I\u015e\u0130D tekfircilerinin hastanede sa\u011fl\u0131k ekibinin bir k\u0131sm\u0131n\u0131 so\u011fuk kanl\u0131l\u0131k ve vah\u015fetle \u00f6ld\u00fcrmeleri ard\u0131ndan bir k\u0131sm\u0131n\u0131 da ka\u00e7\u0131rd\u0131klar\u0131n\u0131 belirtti. Katliam\u0131 keskin ifadelerle k\u0131nayan bakanl\u0131k, \u015fehit yak\u0131nlar\u0131na taziyelerini, &hellip;<\/p>\n","protected":false},"author":1,"featured_media":72972,"comment_status":"closed","ping_status":"closed","sticky":false,"template":"","format":"standard","meta":{"footnotes":""},"categories":[479,575,17988,478],"tags":[21129,21130,21131,2318,18692,13777],"class_list":["post-72967","post","type-post","status-publish","format-standard","has-post-thumbnail","","category-haberler-yerel","category-olaylar-ve-gercekler","category-son-haberler","category-yerel","tag-dehset-verici","tag-deyrezzor-kenti","tag-esad-hastanesi","tag-isid","tag-katliam","tag-saglik-bakanligi"],"_links":{"self":[{"href":"https:\/\/archive.sana.sy\/tr\/index.php?rest_route=\/wp\/v2\/posts\/72967","targetHints":{"allow":["GET"]}}],"collection":[{"href":"https:\/\/archive.sana.sy\/tr\/index.php?rest_route=\/wp\/v2\/posts"}],"about":[{"href":"https:\/\/archive.sana.sy\/tr\/index.php?rest_route=\/wp\/v2\/types\/post"}],"author":[{"embeddable":true,"href":"https:\/\/archive.sana.sy\/tr\/index.php?rest_route=\/wp\/v2\/users\/1"}],"replies":[{"embeddable":true,"href":"https:\/\/archive.sana.sy\/tr\/index.php?rest_route=%2Fwp%2Fv2%2Fcomments&post=72967"}],"version-history":[{"count":0,"href":"https:\/\/archive.sana.sy\/tr\/index.php?rest_route=\/wp\/v2\/posts\/72967\/revisions"}],"wp:featuredmedia":[{"embeddable":true,"href":"https:\/\/archive.sana.sy\/tr\/index.php?rest_route=\/wp\/v2\/media\/72972"}],"wp:attachment":[{"href":"https:\/\/archive.sana.sy\/tr\/index.php?rest_route=%2Fwp%2Fv2%2Fmedia&parent=72967"}],"wp:term":[{"taxonomy":"category","embeddable":true,"href":"https:\/\/archive.sana.sy\/tr\/index.php?rest_route=%2Fwp%2Fv2%2Fcategories&post=72967"},{"taxonomy":"post_tag","embeddable":true,"href":"https:\/\/archive.sana.sy\/tr\/index.php?rest_route=%2Fwp%2Fv2%2Ftags&post=72967"}],"curies":[{"name":"wp","href":"https:\/\/api.w.org\/{rel}","templated":true}]}}