{"id":72974,"date":"2016-05-15T11:45:02","date_gmt":"2016-05-15T08:45:02","guid":{"rendered":"http:\/\/www.sana.sy\/tr\/?p=72974"},"modified":"2016-05-16T11:43:35","modified_gmt":"2016-05-16T08:43:35","slug":"direnise-destek-cephesi-teskil-ediliyor","status":"publish","type":"post","link":"https:\/\/archive.sana.sy\/tr\/?p=72974","title":{"rendered":"Direni\u015fe Destek Cephesi Te\u015fkil Ediliyor"},"content":{"rendered":"<p>BEYRUT \u2013 Arap \u00fclkelerinin genelinde bulunan milliyet\u00e7i ve solcu partiler bug\u00fcn; d\u00fc\u015fman Siyonist \u0130srail\u2019e kar\u015f\u0131 her t\u00fcrl\u00fc m\u00fccadeleyi destekleyecek bir cephe te\u015fkil ettiklerini ilan ettiler.<\/p>\n<p>\u0130lerici Arap g\u00fc\u00e7 ve faaliyetlerden olu\u015fan cephenin s\u00f6zc\u00fcs\u00fc Necah Vakim d\u00fczenledi\u011fi bas\u0131n toplant\u0131s\u0131nda kurulu\u015f deklarasyonunu okudu. Vakim cephenin temel merkezinin Beyrut, ikinci merkezinin ise Tunus oldu\u011funu a\u00e7\u0131klad\u0131.<\/p>\n<p>Vakim Suriye&#8217;nin evrensel ter\u00f6re kar\u015f\u0131 zaferinin, gericilik ve ter\u00f6r\u00fc bertaraf etme ama\u00e7l\u0131 ortak bir Arap projesinin temel ta\u015f\u0131n\u0131 te\u015fkil edece\u011fini s\u00f6yledi. Suriye&#8217;de yegane \u00e7\u00f6z\u00fcm\u00fcn herhangi bir d\u0131\u015f m\u00fcdahale olmaks\u0131z\u0131n Suriyeliler aras\u0131ndaki diyalogla m\u00fcmk\u00fcn oldu\u011funu belirten Vakim; \u00e7\u00f6z\u00fcmde Suriye&#8217;nin topak ve halk b\u00fct\u00fcnl\u00fc\u011f\u00fc, egemenlik ve ba\u011f\u0131ms\u0131zl\u0131\u011f\u0131n korunmas\u0131 ko\u015fuluna vurgu yapt\u0131.<\/p>\n<p>Deklarasyonda \u00f6zel olarak Suriye, genel olarak da t\u00fcm milleti hedef alan evrensel emperyalist sald\u0131r\u0131n\u0131n, b\u00f6lge devletleri ve halklar\u0131n\u0131n par\u00e7alan\u0131p zay\u0131flat\u0131lmalar\u0131n\u0131 ama\u00e7lad\u0131\u011f\u0131n\u0131 belirten Vakim; b\u00f6ylece egemenlikten yoksun olarak olanak ve zenginliklerinin s\u00f6m\u00fcr\u00fclmesini hedefledi\u011finin alt\u0131n\u0131 \u00e7izdi.<\/p>\n<p>Vakim T\u00fcrkiye ve Suudi Arabistan gibi ba\u015fl\u0131ca rejilerin destekledikleri tekfircilik ve ter\u00f6r\u00fcn ideolojik a\u00e7\u0131dan b\u00f6lge halklar\u0131n\u0131n gelece\u011fini nas\u0131l olumsuz etkileyece\u011fine dikkat \u00e7ekerken, bu tehlikenin \u00f6n\u00fcne ge\u00e7ilmesi i\u00e7in ter\u00f6re kar\u015f\u0131 ortak bir m\u00fccadeleyle birlikte destekleyicilerine kar\u015f\u0131 da cayd\u0131r\u0131c\u0131 icraatlar al\u0131nmas\u0131 \u00e7a\u011fr\u0131s\u0131nda bulundu.<\/p>\n<p>Vakim deklarasyonunda ayr\u0131ca d\u00fcnya emperyalizmi ve hegemonyas\u0131na kar\u015f\u0131 da m\u00fccadele edilmesi \u00f6neminin alt\u0131n\u0131 \u00e7izdi.<\/p>\n<p>B\u00f6lge ve halklar\u0131n\u0131n tan\u0131k oldu\u011fu ter\u00f6r ve tekfircili\u011fin i\u015fgalci siyonist \u0130srail&#8217;in \u00e7\u0131karlar\u0131na hizmet etti\u011fine dikkat \u00e7eken Vakim; cephenin 15 May\u0131s tarihinde ilan edilmesinin, Filistin davas\u0131n\u0131n merkezi ve temel dava olarak kalaca\u011f\u0131na dair bir mesaj te\u015fkil etti\u011fine vurgu yapt\u0131.<\/p>\n","protected":false},"excerpt":{"rendered":"<p>BEYRUT \u2013 Arap \u00fclkelerinin genelinde bulunan milliyet\u00e7i ve solcu partiler bug\u00fcn; d\u00fc\u015fman Siyonist \u0130srail\u2019e kar\u015f\u0131 her t\u00fcrl\u00fc m\u00fccadeleyi destekleyecek bir cephe te\u015fkil ettiklerini ilan ettiler. \u0130lerici Arap g\u00fc\u00e7 ve faaliyetlerden olu\u015fan cephenin s\u00f6zc\u00fcs\u00fc Necah Vakim d\u00fczenledi\u011fi bas\u0131n toplant\u0131s\u0131nda kurulu\u015f deklarasyonunu okudu. Vakim cephenin temel merkezinin Beyrut, ikinci merkezinin ise Tunus oldu\u011funu a\u00e7\u0131klad\u0131. Vakim Suriye&#8217;nin evrensel &hellip;<\/p>\n","protected":false},"author":1,"featured_media":72976,"comment_status":"closed","ping_status":"closed","sticky":false,"template":"","format":"standard","meta":{"footnotes":""},"categories":[458,459,17988],"tags":[21132,21134,21133],"class_list":["post-72974","post","type-post","status-publish","format-standard","has-post-thumbnail","","category-dunya1","category-haberler-arap-uluslararasi-politika","category-son-haberler","tag-direnise-destek-cephesi-teskil-ediliyor","tag-kurulus-deklarasyonu","tag-necah-vakim"],"_links":{"self":[{"href":"https:\/\/archive.sana.sy\/tr\/index.php?rest_route=\/wp\/v2\/posts\/72974","targetHints":{"allow":["GET"]}}],"collection":[{"href":"https:\/\/archive.sana.sy\/tr\/index.php?rest_route=\/wp\/v2\/posts"}],"about":[{"href":"https:\/\/archive.sana.sy\/tr\/index.php?rest_route=\/wp\/v2\/types\/post"}],"author":[{"embeddable":true,"href":"https:\/\/archive.sana.sy\/tr\/index.php?rest_route=\/wp\/v2\/users\/1"}],"replies":[{"embeddable":true,"href":"https:\/\/archive.sana.sy\/tr\/index.php?rest_route=%2Fwp%2Fv2%2Fcomments&post=72974"}],"version-history":[{"count":0,"href":"https:\/\/archive.sana.sy\/tr\/index.php?rest_route=\/wp\/v2\/posts\/72974\/revisions"}],"wp:featuredmedia":[{"embeddable":true,"href":"https:\/\/archive.sana.sy\/tr\/index.php?rest_route=\/wp\/v2\/media\/72976"}],"wp:attachment":[{"href":"https:\/\/archive.sana.sy\/tr\/index.php?rest_route=%2Fwp%2Fv2%2Fmedia&parent=72974"}],"wp:term":[{"taxonomy":"category","embeddable":true,"href":"https:\/\/archive.sana.sy\/tr\/index.php?rest_route=%2Fwp%2Fv2%2Fcategories&post=72974"},{"taxonomy":"post_tag","embeddable":true,"href":"https:\/\/archive.sana.sy\/tr\/index.php?rest_route=%2Fwp%2Fv2%2Ftags&post=72974"}],"curies":[{"name":"wp","href":"https:\/\/api.w.org\/{rel}","templated":true}]}}