{"id":7298,"date":"2014-08-14T15:33:27","date_gmt":"2014-08-14T12:33:27","guid":{"rendered":"http:\/\/www.sana.sy\/tr\/?p=7298"},"modified":"2014-08-14T15:38:09","modified_gmt":"2014-08-14T12:38:09","slug":"vatan-koruyuculari-ordu-birliklerimiz-sam-kirsalinda-mleyha-beldesini-tekfirci-ve-hain-teror-cetelerinden-tamamen-temizleyerek-kontrolleri-altina-aldilar-operasyonlarda-teror-ceteleri-acisindan-olduk","status":"publish","type":"post","link":"https:\/\/archive.sana.sy\/tr\/?p=7298","title":{"rendered":"Vatan koruyucular\u0131 ordu birliklerimiz \u015eam k\u0131rsal\u0131nda Mleyha Beldesini tekfirci ve hain ter\u00f6r \u00e7etelerinden tamamen temizleyerek kontrolleri alt\u0131na ald\u0131lar. Operasyonlarda ter\u00f6r \u00e7eteleri a\u00e7\u0131s\u0131ndan olduk\u00e7a b\u00fcy\u00fck ve stratejik \u00f6nem ta\u015f\u0131yan Mleyha Beldesinde onlarca ter\u00f6rist etkisiz hale getirilirken, a\u011f\u0131r silahlar\u0131 ve ara\u00e7lar\u0131 imha edildi."},"content":{"rendered":"<p>Vatan koruyucular\u0131 ordu birliklerimiz \u015eam k\u0131rsal\u0131nda Mleyha Beldesini tekfirci ve hain ter\u00f6r \u00e7etelerinden tamamen temizleyerek kontrolleri alt\u0131na ald\u0131lar. Operasyonlarda ter\u00f6r \u00e7eteleri a\u00e7\u0131s\u0131ndan olduk\u00e7a b\u00fcy\u00fck ve stratejik \u00f6nem ta\u015f\u0131yan Mleyha Beldesinde onlarca ter\u00f6rist etkisiz hale getirilirken, a\u011f\u0131r silahlar\u0131 ve ara\u00e7lar\u0131 imha edildi.<\/p>\n","protected":false},"excerpt":{"rendered":"<p>Vatan koruyucular\u0131 ordu birliklerimiz \u015eam k\u0131rsal\u0131nda Mleyha Beldesini tekfirci ve hain ter\u00f6r \u00e7etelerinden tamamen temizleyerek kontrolleri alt\u0131na ald\u0131lar. Operasyonlarda ter\u00f6r \u00e7eteleri a\u00e7\u0131s\u0131ndan olduk\u00e7a b\u00fcy\u00fck ve stratejik \u00f6nem ta\u015f\u0131yan Mleyha Beldesinde onlarca ter\u00f6rist etkisiz hale getirilirken, a\u011f\u0131r silahlar\u0131 ve ara\u00e7lar\u0131 imha edildi.<\/p>\n","protected":false},"author":1,"featured_media":0,"comment_status":"closed","ping_status":"closed","sticky":false,"template":"","format":"standard","meta":{"footnotes":""},"categories":[1],"tags":[1630,1629],"class_list":["post-7298","post","type-post","status-publish","format-standard","","category-news-not-sorted","tag-agir-silahlari-ve-araclari-imha-edildi","tag-vatan-koruyuculari-ordu-birliklerimiz-sam-kirsalinda-mleyha-beldesini-tekfirci-ve-hain-teror-cetelerinden-tamamen-temizleyerek-kontrolleri-altina-aldilar-operasyonlarda-teror-ceteleri-acisindan-olduk"],"_links":{"self":[{"href":"https:\/\/archive.sana.sy\/tr\/index.php?rest_route=\/wp\/v2\/posts\/7298","targetHints":{"allow":["GET"]}}],"collection":[{"href":"https:\/\/archive.sana.sy\/tr\/index.php?rest_route=\/wp\/v2\/posts"}],"about":[{"href":"https:\/\/archive.sana.sy\/tr\/index.php?rest_route=\/wp\/v2\/types\/post"}],"author":[{"embeddable":true,"href":"https:\/\/archive.sana.sy\/tr\/index.php?rest_route=\/wp\/v2\/users\/1"}],"replies":[{"embeddable":true,"href":"https:\/\/archive.sana.sy\/tr\/index.php?rest_route=%2Fwp%2Fv2%2Fcomments&post=7298"}],"version-history":[{"count":0,"href":"https:\/\/archive.sana.sy\/tr\/index.php?rest_route=\/wp\/v2\/posts\/7298\/revisions"}],"wp:attachment":[{"href":"https:\/\/archive.sana.sy\/tr\/index.php?rest_route=%2Fwp%2Fv2%2Fmedia&parent=7298"}],"wp:term":[{"taxonomy":"category","embeddable":true,"href":"https:\/\/archive.sana.sy\/tr\/index.php?rest_route=%2Fwp%2Fv2%2Fcategories&post=7298"},{"taxonomy":"post_tag","embeddable":true,"href":"https:\/\/archive.sana.sy\/tr\/index.php?rest_route=%2Fwp%2Fv2%2Ftags&post=7298"}],"curies":[{"name":"wp","href":"https:\/\/api.w.org\/{rel}","templated":true}]}}