{"id":7300,"date":"2014-08-14T15:22:50","date_gmt":"2014-08-14T12:22:50","guid":{"rendered":"http:\/\/www.sana.sy\/tr\/?p=7300"},"modified":"2014-08-15T19:27:23","modified_gmt":"2014-08-15T16:27:23","slug":"mleyha-tamamen-ordunun-kontrolunde","status":"publish","type":"post","link":"https:\/\/archive.sana.sy\/tr\/?p=7300","title":{"rendered":"Mleyha Tamamen Ordunun Kontrol\u00fcnde"},"content":{"rendered":"<p>\u015eAM KIRSALI \u2013 Vatan koruyucular\u0131 ordu birliklerimiz \u015eam k\u0131rsal\u0131nda Mleyha Beldesini tekfirci ve hain ter\u00f6r \u00e7etelerinden tamamen temizleyerek kontrolleri alt\u0131na ald\u0131lar. Operasyonlarda ter\u00f6r \u00e7eteleri a\u00e7\u0131s\u0131ndan olduk\u00e7a b\u00fcy\u00fck ve stratejik \u00f6nem ta\u015f\u0131yan Mleyha Beldesinde onlarca ter\u00f6rist etkisiz hale getirilirken, a\u011f\u0131r silahlar\u0131 ve ara\u00e7lar\u0131 imha edildi.<\/p>\n<div style=\"width: 618px;\" class=\"wp-video\"><!--[if lt IE 9]><script>document.createElement('video');<\/script><![endif]-->\n<video class=\"wp-video-shortcode\" id=\"video-7300-1\" width=\"618\" height=\"348\" preload=\"metadata\" controls=\"controls\"><source type=\"video\/x-flv\" src=\"http:\/\/www.sana.sy\/tr\/wp-content\/uploads\/2014\/08\/\u062a\u0642\u0631\u064a\u0631-\u0639\u0646-\u0627\u0644\u0633\u064a\u0637\u0631\u0629-\u0639\u0644\u0649-\u0627\u0644\u0645\u0644\u064a\u062d\u0629-.flv?_=1\" \/><a href=\"http:\/\/www.sana.sy\/tr\/wp-content\/uploads\/2014\/08\/\u062a\u0642\u0631\u064a\u0631-\u0639\u0646-\u0627\u0644\u0633\u064a\u0637\u0631\u0629-\u0639\u0644\u0649-\u0627\u0644\u0645\u0644\u064a\u062d\u0629-.flv\">http:\/\/www.sana.sy\/tr\/wp-content\/uploads\/2014\/08\/\u062a\u0642\u0631\u064a\u0631-\u0639\u0646-\u0627\u0644\u0633\u064a\u0637\u0631\u0629-\u0639\u0644\u0649-\u0627\u0644\u0645\u0644\u064a\u062d\u0629-.flv<\/a><\/video><\/div>\n<p>Ordu birliklerimize tabi bomba imha ekipleri b\u00f6lgede olduk\u00e7a y\u00fcksek d\u00fczeyde ve muhtelif t\u00fcrlerde bubi tuzaklar\u0131 ve bomba d\u00fczeneklerini etkisiz hale getirirken, askeri bir kaynak ter\u00f6ristlerin bertaraf olmadan \u00f6nce beldede a\u011fa\u00e7lara, yollara, vatanda\u015flar\u0131n m\u00fclklerine ve her \u015feye bubi tuzaklar\u0131 yerle\u015ftirdiklerini ifade etti.<\/p>\n<p>Kaynak beldede b\u00fcy\u00fck ve karma\u015f\u0131k bir t\u00fcnel \u015febekesinin ele ge\u00e7irildi\u011fini aktar\u0131rken, arama tarama ve bubi tuzaklar\u0131n\u0131 etkisiz hale getirme operasyonlar\u0131n\u0131n devam etti\u011fini s\u00f6yledi.<\/p>\n<p><a href=\"http:\/\/www.sana.sy\/tr\/wp-content\/uploads\/2014\/08\/mleyha-1.jpg\"><img loading=\"lazy\" decoding=\"async\" class=\"alignnone size-medium wp-image-7355\" src=\"http:\/\/www.sana.sy\/tr\/wp-content\/uploads\/2014\/08\/mleyha-1-300x159.jpg\" alt=\"mleyha 1\" width=\"300\" height=\"159\" srcset=\"https:\/\/archive.sana.sy\/tr\/wp-content\/uploads\/2014\/08\/mleyha-1-300x160.jpg 300w, https:\/\/archive.sana.sy\/tr\/wp-content\/uploads\/2014\/08\/mleyha-1-150x79.jpg 150w, https:\/\/archive.sana.sy\/tr\/wp-content\/uploads\/2014\/08\/mleyha-1.jpg 620w\" sizes=\"auto, (max-width: 300px) 100vw, 300px\" \/><\/a> <a href=\"http:\/\/www.sana.sy\/tr\/wp-content\/uploads\/2014\/08\/mleyha-2.jpg\"><img loading=\"lazy\" decoding=\"async\" class=\"alignnone size-medium wp-image-7356\" src=\"http:\/\/www.sana.sy\/tr\/wp-content\/uploads\/2014\/08\/mleyha-2-300x198.jpg\" alt=\"mleyha 2\" width=\"300\" height=\"198\" srcset=\"https:\/\/archive.sana.sy\/tr\/wp-content\/uploads\/2014\/08\/mleyha-2-300x198.jpg 300w, https:\/\/archive.sana.sy\/tr\/wp-content\/uploads\/2014\/08\/mleyha-2-150x99.jpg 150w, https:\/\/archive.sana.sy\/tr\/wp-content\/uploads\/2014\/08\/mleyha-2-1024x678.jpg 1024w\" sizes=\"auto, (max-width: 300px) 100vw, 300px\" \/><\/a> <a href=\"http:\/\/www.sana.sy\/tr\/wp-content\/uploads\/2014\/08\/mleyha-3.jpg\"><img loading=\"lazy\" decoding=\"async\" class=\"alignnone size-medium wp-image-7357\" src=\"http:\/\/www.sana.sy\/tr\/wp-content\/uploads\/2014\/08\/mleyha-3-300x159.jpg\" alt=\"mleyha 3\" width=\"300\" height=\"159\" srcset=\"https:\/\/archive.sana.sy\/tr\/wp-content\/uploads\/2014\/08\/mleyha-3-300x160.jpg 300w, https:\/\/archive.sana.sy\/tr\/wp-content\/uploads\/2014\/08\/mleyha-3-150x79.jpg 150w, https:\/\/archive.sana.sy\/tr\/wp-content\/uploads\/2014\/08\/mleyha-3.jpg 620w\" sizes=\"auto, (max-width: 300px) 100vw, 300px\" \/><\/a> <a href=\"http:\/\/www.sana.sy\/tr\/wp-content\/uploads\/2014\/08\/mleyha-4.jpg\"><img loading=\"lazy\" decoding=\"async\" class=\"alignnone size-medium wp-image-7358\" src=\"http:\/\/www.sana.sy\/tr\/wp-content\/uploads\/2014\/08\/mleyha-4-300x159.jpg\" alt=\"mleyha 4\" width=\"300\" height=\"159\" srcset=\"https:\/\/archive.sana.sy\/tr\/wp-content\/uploads\/2014\/08\/mleyha-4-300x160.jpg 300w, https:\/\/archive.sana.sy\/tr\/wp-content\/uploads\/2014\/08\/mleyha-4-150x79.jpg 150w, https:\/\/archive.sana.sy\/tr\/wp-content\/uploads\/2014\/08\/mleyha-4.jpg 620w\" sizes=\"auto, (max-width: 300px) 100vw, 300px\" \/><\/a> <a href=\"http:\/\/www.sana.sy\/tr\/wp-content\/uploads\/2014\/08\/mleyha-5.jpg\"><img loading=\"lazy\" decoding=\"async\" class=\"alignnone size-medium wp-image-7359\" src=\"http:\/\/www.sana.sy\/tr\/wp-content\/uploads\/2014\/08\/mleyha-5-300x159.jpg\" alt=\"mleyha 5\" width=\"300\" height=\"159\" srcset=\"https:\/\/archive.sana.sy\/tr\/wp-content\/uploads\/2014\/08\/mleyha-5-300x160.jpg 300w, https:\/\/archive.sana.sy\/tr\/wp-content\/uploads\/2014\/08\/mleyha-5-150x79.jpg 150w, https:\/\/archive.sana.sy\/tr\/wp-content\/uploads\/2014\/08\/mleyha-5.jpg 620w\" sizes=\"auto, (max-width: 300px) 100vw, 300px\" \/><\/a> <a href=\"http:\/\/www.sana.sy\/tr\/wp-content\/uploads\/2014\/08\/mleyha-6.jpg\"><img loading=\"lazy\" decoding=\"async\" class=\"alignnone size-medium wp-image-7360\" src=\"http:\/\/www.sana.sy\/tr\/wp-content\/uploads\/2014\/08\/mleyha-6-300x159.jpg\" alt=\"mleyha 6\" width=\"300\" height=\"159\" srcset=\"https:\/\/archive.sana.sy\/tr\/wp-content\/uploads\/2014\/08\/mleyha-6-300x160.jpg 300w, https:\/\/archive.sana.sy\/tr\/wp-content\/uploads\/2014\/08\/mleyha-6-150x79.jpg 150w, https:\/\/archive.sana.sy\/tr\/wp-content\/uploads\/2014\/08\/mleyha-6.jpg 620w\" sizes=\"auto, (max-width: 300px) 100vw, 300px\" \/><\/a> <a href=\"http:\/\/www.sana.sy\/tr\/wp-content\/uploads\/2014\/08\/mleyha-7.jpg\"><img loading=\"lazy\" decoding=\"async\" class=\"alignnone size-medium wp-image-7361\" src=\"http:\/\/www.sana.sy\/tr\/wp-content\/uploads\/2014\/08\/mleyha-7-300x159.jpg\" alt=\"mleyha 7\" width=\"300\" height=\"159\" srcset=\"https:\/\/archive.sana.sy\/tr\/wp-content\/uploads\/2014\/08\/mleyha-7-300x160.jpg 300w, https:\/\/archive.sana.sy\/tr\/wp-content\/uploads\/2014\/08\/mleyha-7-150x79.jpg 150w, https:\/\/archive.sana.sy\/tr\/wp-content\/uploads\/2014\/08\/mleyha-7.jpg 620w\" sizes=\"auto, (max-width: 300px) 100vw, 300px\" \/><\/a><\/p>\n","protected":false},"excerpt":{"rendered":"<p>\u015eAM KIRSALI \u2013 Vatan koruyucular\u0131 ordu birliklerimiz \u015eam k\u0131rsal\u0131nda Mleyha Beldesini tekfirci ve hain ter\u00f6r \u00e7etelerinden tamamen temizleyerek kontrolleri alt\u0131na ald\u0131lar. Operasyonlarda ter\u00f6r \u00e7eteleri a\u00e7\u0131s\u0131ndan olduk\u00e7a b\u00fcy\u00fck ve stratejik \u00f6nem ta\u015f\u0131yan Mleyha Beldesinde onlarca ter\u00f6rist etkisiz hale getirilirken, a\u011f\u0131r silahlar\u0131 ve ara\u00e7lar\u0131 imha edildi. Ordu birliklerimize tabi bomba imha ekipleri b\u00f6lgede olduk\u00e7a y\u00fcksek d\u00fczeyde ve &hellip;<\/p>\n","protected":false},"author":1,"featured_media":7301,"comment_status":"closed","ping_status":"closed","sticky":false,"template":"","format":"standard","meta":{"footnotes":""},"categories":[575],"tags":[1631],"class_list":["post-7300","post","type-post","status-publish","format-standard","has-post-thumbnail","","category-olaylar-ve-gercekler","tag-mleyha-tamamen-ordunun-kontrolunde"],"_links":{"self":[{"href":"https:\/\/archive.sana.sy\/tr\/index.php?rest_route=\/wp\/v2\/posts\/7300","targetHints":{"allow":["GET"]}}],"collection":[{"href":"https:\/\/archive.sana.sy\/tr\/index.php?rest_route=\/wp\/v2\/posts"}],"about":[{"href":"https:\/\/archive.sana.sy\/tr\/index.php?rest_route=\/wp\/v2\/types\/post"}],"author":[{"embeddable":true,"href":"https:\/\/archive.sana.sy\/tr\/index.php?rest_route=\/wp\/v2\/users\/1"}],"replies":[{"embeddable":true,"href":"https:\/\/archive.sana.sy\/tr\/index.php?rest_route=%2Fwp%2Fv2%2Fcomments&post=7300"}],"version-history":[{"count":0,"href":"https:\/\/archive.sana.sy\/tr\/index.php?rest_route=\/wp\/v2\/posts\/7300\/revisions"}],"wp:featuredmedia":[{"embeddable":true,"href":"https:\/\/archive.sana.sy\/tr\/index.php?rest_route=\/wp\/v2\/media\/7301"}],"wp:attachment":[{"href":"https:\/\/archive.sana.sy\/tr\/index.php?rest_route=%2Fwp%2Fv2%2Fmedia&parent=7300"}],"wp:term":[{"taxonomy":"category","embeddable":true,"href":"https:\/\/archive.sana.sy\/tr\/index.php?rest_route=%2Fwp%2Fv2%2Fcategories&post=7300"},{"taxonomy":"post_tag","embeddable":true,"href":"https:\/\/archive.sana.sy\/tr\/index.php?rest_route=%2Fwp%2Fv2%2Ftags&post=7300"}],"curies":[{"name":"wp","href":"https:\/\/api.w.org\/{rel}","templated":true}]}}