{"id":73010,"date":"2016-05-16T11:48:07","date_gmt":"2016-05-16T08:48:07","guid":{"rendered":"http:\/\/sana.sy\/tr\/?p=73010"},"modified":"2016-05-16T11:48:07","modified_gmt":"2016-05-16T08:48:07","slug":"muaddamiye-ogrencileri-sinav-icin-belde-disina-cikarildi-2","status":"publish","type":"post","link":"https:\/\/archive.sana.sy\/tr\/?p=73010","title":{"rendered":"Muaddamiye \u00d6\u011frencileri S\u0131nav \u0130\u00e7in Belde D\u0131\u015f\u0131na \u00c7\u0131kar\u0131ld\u0131"},"content":{"rendered":"<p>H\u00fck\u00fcmetin gelecek nesillerin m\u00fcmk\u00fcn oldu\u011funca krizden etkilenmeden yeti\u015fip e\u011fitimlerini s\u00fcrd\u00fcrmelerine \u00f6zeni \u00e7er\u00e7evesinde bug\u00fcn \u015eam k\u0131rsal\u0131n\u0131n g\u00fcneybat\u0131s\u0131 Muaddamiye Belediyesinde E\u011fitim Bakanl\u0131\u011f\u0131, \u00c7am \u00c7evre Kent Valili\u011fi ve yerel uzla\u015fma komitelerinin i\u015fbirli\u011fi ile beldeden 360 \u00f6\u011frenci y\u0131l sonu s\u0131navlar\u0131n\u0131 vermeleri \u00fczere belde d\u0131\u015f\u0131na \u00e7\u0131kar\u0131ld\u0131<\/p>\n<p>https:\/\/youtu.be\/c9jwTeI2aOU<\/p>\n<p>R.H.<\/p>\n","protected":false},"excerpt":{"rendered":"<p>H\u00fck\u00fcmetin gelecek nesillerin m\u00fcmk\u00fcn oldu\u011funca krizden etkilenmeden yeti\u015fip e\u011fitimlerini s\u00fcrd\u00fcrmelerine \u00f6zeni \u00e7er\u00e7evesinde bug\u00fcn \u015eam k\u0131rsal\u0131n\u0131n g\u00fcneybat\u0131s\u0131 Muaddamiye Belediyesinde E\u011fitim Bakanl\u0131\u011f\u0131, \u00c7am \u00c7evre Kent Valili\u011fi ve yerel uzla\u015fma komitelerinin i\u015fbirli\u011fi ile beldeden 360 \u00f6\u011frenci y\u0131l sonu s\u0131navlar\u0131n\u0131 vermeleri \u00fczere belde d\u0131\u015f\u0131na \u00e7\u0131kar\u0131ld\u0131 https:\/\/youtu.be\/c9jwTeI2aOU R.H.<\/p>\n","protected":false},"author":1,"featured_media":73012,"comment_status":"closed","ping_status":"closed","sticky":false,"template":"","format":"standard","meta":{"footnotes":""},"categories":[18295],"tags":[21143,21142],"class_list":["post-73010","post","type-post","status-publish","format-standard","has-post-thumbnail","","category-sana-video","tag-cam-cevre-kent-valiligi-ve-yerel-uzlasma-komitelerinin-isbirligi-ile-beldeden-360-ogrenci-yil-sonu-sinavlarini-vermeleri-uzere-belde-disina-cikarildi","tag-hukumetin-gelecek-nesillerin-mumkun-oldugunca-krizden-etkilenmeden-yetisip-egitimlerini-surdurmelerine-ozeni-cercevesinde-bugun-sam-kirsalinin-guneybatisi-muaddamiye-belediyesinde-egitim-bakanligi"],"_links":{"self":[{"href":"https:\/\/archive.sana.sy\/tr\/index.php?rest_route=\/wp\/v2\/posts\/73010","targetHints":{"allow":["GET"]}}],"collection":[{"href":"https:\/\/archive.sana.sy\/tr\/index.php?rest_route=\/wp\/v2\/posts"}],"about":[{"href":"https:\/\/archive.sana.sy\/tr\/index.php?rest_route=\/wp\/v2\/types\/post"}],"author":[{"embeddable":true,"href":"https:\/\/archive.sana.sy\/tr\/index.php?rest_route=\/wp\/v2\/users\/1"}],"replies":[{"embeddable":true,"href":"https:\/\/archive.sana.sy\/tr\/index.php?rest_route=%2Fwp%2Fv2%2Fcomments&post=73010"}],"version-history":[{"count":0,"href":"https:\/\/archive.sana.sy\/tr\/index.php?rest_route=\/wp\/v2\/posts\/73010\/revisions"}],"wp:featuredmedia":[{"embeddable":true,"href":"https:\/\/archive.sana.sy\/tr\/index.php?rest_route=\/wp\/v2\/media\/73012"}],"wp:attachment":[{"href":"https:\/\/archive.sana.sy\/tr\/index.php?rest_route=%2Fwp%2Fv2%2Fmedia&parent=73010"}],"wp:term":[{"taxonomy":"category","embeddable":true,"href":"https:\/\/archive.sana.sy\/tr\/index.php?rest_route=%2Fwp%2Fv2%2Fcategories&post=73010"},{"taxonomy":"post_tag","embeddable":true,"href":"https:\/\/archive.sana.sy\/tr\/index.php?rest_route=%2Fwp%2Fv2%2Ftags&post=73010"}],"curies":[{"name":"wp","href":"https:\/\/api.w.org\/{rel}","templated":true}]}}