{"id":7307,"date":"2014-08-14T15:53:59","date_gmt":"2014-08-14T12:53:59","guid":{"rendered":"http:\/\/www.sana.sy\/tr\/?p=7307"},"modified":"2014-08-14T15:53:59","modified_gmt":"2014-08-14T12:53:59","slug":"filistin-suriye-lubnan-ve-irakta-direnen-halklara-dayanisma-mesaji","status":"publish","type":"post","link":"https:\/\/archive.sana.sy\/tr\/?p=7307","title":{"rendered":"Filistin Suriye L\u00fcbnan ve Irak\u2019ta Direnen Halklara Dayan\u0131\u015fma Mesaj\u0131"},"content":{"rendered":"<p>MOSKOVA \u2013 Rusya\u2019da bulunan \u0130ran, Suriye ve Latin Amerika \u00dclkeleri B\u00fcy\u00fckel\u00e7ileri ve Diplomasi Heyetleri Ba\u015fkanlar\u0131; \u00fclkelerinin Filistin halk\u0131 ve Suriye, L\u00fcbnan ve Irak\u2019ta direnen Arap halk\u0131n\u0131n yan\u0131nda olduklar\u0131n\u0131 dile getirdiler.<\/p>\n<p>Moskova\u2019da Filistin B\u00fcy\u00fckel\u00e7ili\u011fi Binas\u0131n\u0131n \u00f6n\u00fcndeki Filistinli \u015eehitler Tablosunun \u00f6n\u00fcnde \u00e7elenk b\u0131rakan ve mum yakan b\u00fcy\u00fckel\u00e7i ve diplomatlar; Siyonist sald\u0131r\u0131lar\u0131 destekleyen ve ter\u00f6r\u00fc te\u015fvik eden ABD ve Bat\u0131l\u0131 devletleri k\u0131nad\u0131lar.<\/p>\n<p>Suriye\u2019nin Moskova B\u00fcy\u00fckel\u00e7isi Riyad Haddad; Gazze\u2019de, Suriye&#8217;de ya da Irak\u2019ta ya\u015fananlar\u0131n, \u0130srail ve ter\u00f6r arac\u0131l\u0131\u011f\u0131yla bu \u00fclkelerin halklar\u0131n\u0131 hedef alan bir proje bulundu\u011funun a\u00e7\u0131k bir g\u00f6stergesi oldu\u011funu ifade ederek; Suriye halk\u0131n\u0131n ter\u00f6re kar\u015f\u0131 kazand\u0131\u011f\u0131 zaferin Filistin davas\u0131n\u0131n ve Arap halk\u0131n\u0131n zaferi oldu\u011funun alt\u0131n\u0131 \u00e7izdi.<\/p>\n<p>Bolivya, Venez\u00fcella, Nikaragua, Ekvador, K\u00fcba ve \u0130ran B\u00fcy\u00fckel\u00e7ileri de ayr\u0131 ayr\u0131 yapt\u0131klar\u0131 konu\u015fmalarda Gazze\u2019de i\u015fgalci \u0130srail g\u00fc\u00e7lerine kar\u015f\u0131 Suriye, L\u00fcbnan ve Irak\u2019ta da uluslararas\u0131 destekli ter\u00f6re kar\u015f\u0131 m\u00fccadele eden Arap halk\u0131n\u0131n yan\u0131nda olduklar\u0131n\u0131 ifade ettiler.<\/p>\n<p><a href=\"http:\/\/www.sana.sy\/tr\/wp-content\/uploads\/2014\/08\/B\u00fcy\u00fckel\u00e7iler-3.jpg\"><img loading=\"lazy\" decoding=\"async\" class=\"alignleft wp-image-7309 size-medium\" src=\"http:\/\/www.sana.sy\/tr\/wp-content\/uploads\/2014\/08\/B\u00fcy\u00fckel\u00e7iler-3-300x168.jpg\" alt=\"B\u00fcy\u00fckel\u00e7iler 3\" width=\"300\" height=\"168\" srcset=\"https:\/\/archive.sana.sy\/tr\/wp-content\/uploads\/2014\/08\/B\u00fcy\u00fckel\u00e7iler-3-300x168.jpg 300w, https:\/\/archive.sana.sy\/tr\/wp-content\/uploads\/2014\/08\/B\u00fcy\u00fckel\u00e7iler-3-150x84.jpg 150w, https:\/\/archive.sana.sy\/tr\/wp-content\/uploads\/2014\/08\/B\u00fcy\u00fckel\u00e7iler-3.jpg 1024w\" sizes=\"auto, (max-width: 300px) 100vw, 300px\" \/><\/a> <a href=\"http:\/\/www.sana.sy\/tr\/wp-content\/uploads\/2014\/08\/B\u00fcy\u00fckel\u00e7iler-2.jpg\"><img loading=\"lazy\" decoding=\"async\" class=\"alignright wp-image-7310 size-medium\" src=\"http:\/\/www.sana.sy\/tr\/wp-content\/uploads\/2014\/08\/B\u00fcy\u00fckel\u00e7iler-2-300x168.jpg\" alt=\"B\u00fcy\u00fckel\u00e7iler 2\" width=\"300\" height=\"168\" srcset=\"https:\/\/archive.sana.sy\/tr\/wp-content\/uploads\/2014\/08\/B\u00fcy\u00fckel\u00e7iler-2-300x168.jpg 300w, https:\/\/archive.sana.sy\/tr\/wp-content\/uploads\/2014\/08\/B\u00fcy\u00fckel\u00e7iler-2-150x84.jpg 150w, https:\/\/archive.sana.sy\/tr\/wp-content\/uploads\/2014\/08\/B\u00fcy\u00fckel\u00e7iler-2.jpg 1024w\" sizes=\"auto, (max-width: 300px) 100vw, 300px\" \/><\/a><\/p>\n","protected":false},"excerpt":{"rendered":"<p>MOSKOVA \u2013 Rusya\u2019da bulunan \u0130ran, Suriye ve Latin Amerika \u00dclkeleri B\u00fcy\u00fckel\u00e7ileri ve Diplomasi Heyetleri Ba\u015fkanlar\u0131; \u00fclkelerinin Filistin halk\u0131 ve Suriye, L\u00fcbnan ve Irak\u2019ta direnen Arap halk\u0131n\u0131n yan\u0131nda olduklar\u0131n\u0131 dile getirdiler. Moskova\u2019da Filistin B\u00fcy\u00fckel\u00e7ili\u011fi Binas\u0131n\u0131n \u00f6n\u00fcndeki Filistinli \u015eehitler Tablosunun \u00f6n\u00fcnde \u00e7elenk b\u0131rakan ve mum yakan b\u00fcy\u00fckel\u00e7i ve diplomatlar; Siyonist sald\u0131r\u0131lar\u0131 destekleyen ve ter\u00f6r\u00fc te\u015fvik eden ABD &hellip;<\/p>\n","protected":false},"author":1,"featured_media":7308,"comment_status":"closed","ping_status":"closed","sticky":false,"template":"","format":"standard","meta":{"footnotes":""},"categories":[458,596,459,447,584],"tags":[1632],"class_list":["post-7307","post","type-post","status-publish","format-standard","has-post-thumbnail","","category-dunya1","category-fotografli-raporlar","category-haberler-arap-uluslararasi-politika","category-politika","category-yurtdisinda-sana-ofisleri","tag-filistin-suriye-lubnan-ve-irakta-direnen-halklara-dayanisma-mesaji"],"_links":{"self":[{"href":"https:\/\/archive.sana.sy\/tr\/index.php?rest_route=\/wp\/v2\/posts\/7307","targetHints":{"allow":["GET"]}}],"collection":[{"href":"https:\/\/archive.sana.sy\/tr\/index.php?rest_route=\/wp\/v2\/posts"}],"about":[{"href":"https:\/\/archive.sana.sy\/tr\/index.php?rest_route=\/wp\/v2\/types\/post"}],"author":[{"embeddable":true,"href":"https:\/\/archive.sana.sy\/tr\/index.php?rest_route=\/wp\/v2\/users\/1"}],"replies":[{"embeddable":true,"href":"https:\/\/archive.sana.sy\/tr\/index.php?rest_route=%2Fwp%2Fv2%2Fcomments&post=7307"}],"version-history":[{"count":0,"href":"https:\/\/archive.sana.sy\/tr\/index.php?rest_route=\/wp\/v2\/posts\/7307\/revisions"}],"wp:featuredmedia":[{"embeddable":true,"href":"https:\/\/archive.sana.sy\/tr\/index.php?rest_route=\/wp\/v2\/media\/7308"}],"wp:attachment":[{"href":"https:\/\/archive.sana.sy\/tr\/index.php?rest_route=%2Fwp%2Fv2%2Fmedia&parent=7307"}],"wp:term":[{"taxonomy":"category","embeddable":true,"href":"https:\/\/archive.sana.sy\/tr\/index.php?rest_route=%2Fwp%2Fv2%2Fcategories&post=7307"},{"taxonomy":"post_tag","embeddable":true,"href":"https:\/\/archive.sana.sy\/tr\/index.php?rest_route=%2Fwp%2Fv2%2Ftags&post=7307"}],"curies":[{"name":"wp","href":"https:\/\/api.w.org\/{rel}","templated":true}]}}