{"id":73083,"date":"2016-05-16T13:05:42","date_gmt":"2016-05-16T10:05:42","guid":{"rendered":"http:\/\/www.sana.sy\/tr\/?p=73083"},"modified":"2016-05-16T14:18:36","modified_gmt":"2016-05-16T11:18:36","slug":"rusya-disisleri-bakani-sergey-lavrov-bugun-moskovada-beyaz-rusya-disisleri-bakani-vladimir-mackey-ile-moskovada-duzenledigi-ortak-basin-toplantisinda-suriyedeki-krizin-cozumunde-s","status":"publish","type":"post","link":"https:\/\/archive.sana.sy\/tr\/?p=73083","title":{"rendered":"Rusya D\u0131\u015fi\u015fleri Bakan\u0131 Sergey Lavrov bug\u00fcn Moskova\u2019da Beyaz Rusya D\u0131\u015fi\u015fleri Bakan\u0131 Vladimir Mackey ile Moskova\u2019da d\u00fczenledi\u011fi ortak bas\u0131n toplant\u0131s\u0131nda; Suriye&#8217;deki krizin \u00e7\u00f6z\u00fcm\u00fcnde siyasi s\u00fcrece ge\u00e7me f\u0131rsatlar\u0131n\u0131n mevcut oldu\u011funu belirtti"},"content":{"rendered":"<p>Rusya D\u0131\u015fi\u015fleri Bakan\u0131 Sergey Lavrov bug\u00fcn Moskova\u2019da Beyaz Rusya D\u0131\u015fi\u015fleri Bakan\u0131 Vladimir Mackey ile Moskova\u2019da d\u00fczenledi\u011fi ortak bas\u0131n toplant\u0131s\u0131nda; Suriye&#8217;deki krizin \u00e7\u00f6z\u00fcm\u00fcnde siyasi s\u00fcrece ge\u00e7me f\u0131rsatlar\u0131n\u0131n mevcut oldu\u011funu belirtti<\/p>\n","protected":false},"excerpt":{"rendered":"<p>Rusya D\u0131\u015fi\u015fleri Bakan\u0131 Sergey Lavrov bug\u00fcn Moskova\u2019da Beyaz Rusya D\u0131\u015fi\u015fleri Bakan\u0131 Vladimir Mackey ile Moskova\u2019da d\u00fczenledi\u011fi ortak bas\u0131n toplant\u0131s\u0131nda; Suriye&#8217;deki krizin \u00e7\u00f6z\u00fcm\u00fcnde siyasi s\u00fcrece ge\u00e7me f\u0131rsatlar\u0131n\u0131n mevcut oldu\u011funu belirtti<\/p>\n","protected":false},"author":1,"featured_media":0,"comment_status":"closed","ping_status":"closed","sticky":false,"template":"","format":"standard","meta":{"footnotes":""},"categories":[17991],"tags":[],"class_list":["post-73083","post","type-post","status-publish","format-standard","","category-son-dakika"],"_links":{"self":[{"href":"https:\/\/archive.sana.sy\/tr\/index.php?rest_route=\/wp\/v2\/posts\/73083","targetHints":{"allow":["GET"]}}],"collection":[{"href":"https:\/\/archive.sana.sy\/tr\/index.php?rest_route=\/wp\/v2\/posts"}],"about":[{"href":"https:\/\/archive.sana.sy\/tr\/index.php?rest_route=\/wp\/v2\/types\/post"}],"author":[{"embeddable":true,"href":"https:\/\/archive.sana.sy\/tr\/index.php?rest_route=\/wp\/v2\/users\/1"}],"replies":[{"embeddable":true,"href":"https:\/\/archive.sana.sy\/tr\/index.php?rest_route=%2Fwp%2Fv2%2Fcomments&post=73083"}],"version-history":[{"count":0,"href":"https:\/\/archive.sana.sy\/tr\/index.php?rest_route=\/wp\/v2\/posts\/73083\/revisions"}],"wp:attachment":[{"href":"https:\/\/archive.sana.sy\/tr\/index.php?rest_route=%2Fwp%2Fv2%2Fmedia&parent=73083"}],"wp:term":[{"taxonomy":"category","embeddable":true,"href":"https:\/\/archive.sana.sy\/tr\/index.php?rest_route=%2Fwp%2Fv2%2Fcategories&post=73083"},{"taxonomy":"post_tag","embeddable":true,"href":"https:\/\/archive.sana.sy\/tr\/index.php?rest_route=%2Fwp%2Fv2%2Ftags&post=73083"}],"curies":[{"name":"wp","href":"https:\/\/api.w.org\/{rel}","templated":true}]}}