{"id":73087,"date":"2016-05-16T13:12:46","date_gmt":"2016-05-16T10:12:46","guid":{"rendered":"http:\/\/www.sana.sy\/tr\/?p=73087"},"modified":"2016-05-16T14:20:10","modified_gmt":"2016-05-16T11:20:10","slug":"lavrov-suriyede-mevcut-durumlardan-cikma-ve-siyasi-cozum-surecine-gecmek-icin-tum-firsatlarin-mevcut-oldugunu-ifade-etti","status":"publish","type":"post","link":"https:\/\/archive.sana.sy\/tr\/?p=73087","title":{"rendered":"Lavrov Suriye&#8217;de mevcut durumlardan \u00e7\u0131kma ve siyasi \u00e7\u00f6z\u00fcm s\u00fcrecine ge\u00e7mek i\u00e7in t\u00fcm f\u0131rsatlar\u0131n mevcut oldu\u011funu ifade etti"},"content":{"rendered":"<p>Lavrov Suriye&#8217;de mevcut durumlardan \u00e7\u0131kma ve siyasi \u00e7\u00f6z\u00fcm s\u00fcrecine ge\u00e7mek i\u00e7in t\u00fcm f\u0131rsatlar\u0131n mevcut oldu\u011funu ifade etti<\/p>\n","protected":false},"excerpt":{"rendered":"<p>Lavrov Suriye&#8217;de mevcut durumlardan \u00e7\u0131kma ve siyasi \u00e7\u00f6z\u00fcm s\u00fcrecine ge\u00e7mek i\u00e7in t\u00fcm f\u0131rsatlar\u0131n mevcut oldu\u011funu ifade etti<\/p>\n","protected":false},"author":1,"featured_media":0,"comment_status":"closed","ping_status":"closed","sticky":false,"template":"","format":"standard","meta":{"footnotes":""},"categories":[17991],"tags":[],"class_list":["post-73087","post","type-post","status-publish","format-standard","","category-son-dakika"],"_links":{"self":[{"href":"https:\/\/archive.sana.sy\/tr\/index.php?rest_route=\/wp\/v2\/posts\/73087","targetHints":{"allow":["GET"]}}],"collection":[{"href":"https:\/\/archive.sana.sy\/tr\/index.php?rest_route=\/wp\/v2\/posts"}],"about":[{"href":"https:\/\/archive.sana.sy\/tr\/index.php?rest_route=\/wp\/v2\/types\/post"}],"author":[{"embeddable":true,"href":"https:\/\/archive.sana.sy\/tr\/index.php?rest_route=\/wp\/v2\/users\/1"}],"replies":[{"embeddable":true,"href":"https:\/\/archive.sana.sy\/tr\/index.php?rest_route=%2Fwp%2Fv2%2Fcomments&post=73087"}],"version-history":[{"count":0,"href":"https:\/\/archive.sana.sy\/tr\/index.php?rest_route=\/wp\/v2\/posts\/73087\/revisions"}],"wp:attachment":[{"href":"https:\/\/archive.sana.sy\/tr\/index.php?rest_route=%2Fwp%2Fv2%2Fmedia&parent=73087"}],"wp:term":[{"taxonomy":"category","embeddable":true,"href":"https:\/\/archive.sana.sy\/tr\/index.php?rest_route=%2Fwp%2Fv2%2Fcategories&post=73087"},{"taxonomy":"post_tag","embeddable":true,"href":"https:\/\/archive.sana.sy\/tr\/index.php?rest_route=%2Fwp%2Fv2%2Ftags&post=73087"}],"curies":[{"name":"wp","href":"https:\/\/api.w.org\/{rel}","templated":true}]}}