{"id":73106,"date":"2016-05-16T15:41:44","date_gmt":"2016-05-16T12:41:44","guid":{"rendered":"http:\/\/sana.sy\/tr\/?p=73106"},"modified":"2016-05-17T17:02:49","modified_gmt":"2016-05-17T14:02:49","slug":"destek-hatlari-ve-yuvalari-nitelikli-operasyonlarla-imha-ediliyor-2","status":"publish","type":"post","link":"https:\/\/archive.sana.sy\/tr\/?p=73106","title":{"rendered":"Destek Hatlar\u0131 ve Yuvalar\u0131 Nitelikli Operasyonlarla \u0130mha Ediliyor"},"content":{"rendered":"<p>\u0130LLER \u2013 Vatan koruyucular\u0131m\u0131z ulusal egemenlik ve onuru koruma kararl\u0131l\u0131\u011f\u0131yla bug\u00fcn d\u0131\u015f destekli tekfirci ve vatan hainlerine kar\u015f\u0131 operasyonlar\u0131n\u0131 s\u00fcrd\u00fcr\u00fcrlerken; kom\u015fu devletlerden destek hatlar\u0131 ve toplanma yerlerini nitelikli operasyonlarla imha etti.<\/p>\n<p><span style=\"color: #0000ff\">DERA:<\/span><\/p>\n<p>SANA\u2019ya a\u00e7\u0131klama yapan askeri bir kaynak ordu birliklerimizin Dera Beled B\u00f6lgesinde \u0130srail destekli Nusra Cephesi ve \u00e7at\u0131s\u0131 alt\u0131ndaki ter\u00f6r \u00e7etelerine kar\u015f\u0131 nitelikli operasyonlar\u0131n\u0131 s\u00fcrd\u00fcr\u00fcrken, Men\u015fiye Semtinin g\u00fcneydo\u011fusunda ter\u00f6ristlere ait bir komuta karargah\u0131 imha etmelerine e\u015f zamanl\u0131 olarak Nazihin Kamp\u0131nda bir f\u00fcze rampas\u0131n\u0131 ekibiyle birlikte etkisizle\u015ftirdiklerini belirtti.<\/p>\n<p><span style=\"color: #0000ff\">HOMS:<\/span><\/p>\n<p>Askeri kaynak hava g\u00fc\u00e7lerimizin bug\u00fcn sabah saatlerinde Homs k\u0131rsal\u0131n\u0131n do\u011fusu \u015eair Petrol Sahas\u0131 civarlar\u0131nda I\u015e\u0130D\u2019e ait toplanma yerleri ve mevkilerine y\u00f6nelik hava operasyonlar\u0131 ger\u00e7ekle\u015ftirdiklerini ifade etti. Kaynak; operasyonlarda bir k\u0131sm\u0131 a\u011f\u0131r makineli silahlarla donat\u0131lm\u0131\u015f, bir k\u0131sm\u0131 da ter\u00f6rist ve cephane ta\u015f\u0131yan ara\u00e7lar\u0131n\u0131n y\u00fckleriyle birlikte tamamen imha edildi\u011fine dikkat \u00e7ekti.<\/p>\n","protected":false},"excerpt":{"rendered":"<p>\u0130LLER \u2013 Vatan koruyucular\u0131m\u0131z ulusal egemenlik ve onuru koruma kararl\u0131l\u0131\u011f\u0131yla bug\u00fcn d\u0131\u015f destekli tekfirci ve vatan hainlerine kar\u015f\u0131 operasyonlar\u0131n\u0131 s\u00fcrd\u00fcr\u00fcrlerken; kom\u015fu devletlerden destek hatlar\u0131 ve toplanma yerlerini nitelikli operasyonlarla imha etti. DERA: SANA\u2019ya a\u00e7\u0131klama yapan askeri bir kaynak ordu birliklerimizin Dera Beled B\u00f6lgesinde \u0130srail destekli Nusra Cephesi ve \u00e7at\u0131s\u0131 alt\u0131ndaki ter\u00f6r \u00e7etelerine kar\u015f\u0131 nitelikli operasyonlar\u0131n\u0131 &hellip;<\/p>\n","protected":false},"author":1,"featured_media":73107,"comment_status":"closed","ping_status":"closed","sticky":false,"template":"","format":"standard","meta":{"footnotes":""},"categories":[575,17988],"tags":[],"class_list":["post-73106","post","type-post","status-publish","format-standard","has-post-thumbnail","","category-olaylar-ve-gercekler","category-son-haberler"],"_links":{"self":[{"href":"https:\/\/archive.sana.sy\/tr\/index.php?rest_route=\/wp\/v2\/posts\/73106","targetHints":{"allow":["GET"]}}],"collection":[{"href":"https:\/\/archive.sana.sy\/tr\/index.php?rest_route=\/wp\/v2\/posts"}],"about":[{"href":"https:\/\/archive.sana.sy\/tr\/index.php?rest_route=\/wp\/v2\/types\/post"}],"author":[{"embeddable":true,"href":"https:\/\/archive.sana.sy\/tr\/index.php?rest_route=\/wp\/v2\/users\/1"}],"replies":[{"embeddable":true,"href":"https:\/\/archive.sana.sy\/tr\/index.php?rest_route=%2Fwp%2Fv2%2Fcomments&post=73106"}],"version-history":[{"count":0,"href":"https:\/\/archive.sana.sy\/tr\/index.php?rest_route=\/wp\/v2\/posts\/73106\/revisions"}],"wp:featuredmedia":[{"embeddable":true,"href":"https:\/\/archive.sana.sy\/tr\/index.php?rest_route=\/wp\/v2\/media\/73107"}],"wp:attachment":[{"href":"https:\/\/archive.sana.sy\/tr\/index.php?rest_route=%2Fwp%2Fv2%2Fmedia&parent=73106"}],"wp:term":[{"taxonomy":"category","embeddable":true,"href":"https:\/\/archive.sana.sy\/tr\/index.php?rest_route=%2Fwp%2Fv2%2Fcategories&post=73106"},{"taxonomy":"post_tag","embeddable":true,"href":"https:\/\/archive.sana.sy\/tr\/index.php?rest_route=%2Fwp%2Fv2%2Ftags&post=73106"}],"curies":[{"name":"wp","href":"https:\/\/api.w.org\/{rel}","templated":true}]}}