{"id":73109,"date":"2016-05-16T16:01:03","date_gmt":"2016-05-16T13:01:03","guid":{"rendered":"http:\/\/sana.sy\/tr\/?p=73109"},"modified":"2016-05-18T15:45:12","modified_gmt":"2016-05-18T12:45:12","slug":"hastaneye-fuzeyle-saldirdilar","status":"publish","type":"post","link":"https:\/\/archive.sana.sy\/tr\/?p=73109","title":{"rendered":"Hastaneye F\u00fczeyle Sald\u0131rd\u0131lar"},"content":{"rendered":"<p>HALEP \u2013 Vahhabi \u00c2l Suud ve \u0130hvanc\u0131 Erdo\u011fan rejimlerinin destekledikleri ter\u00f6r \u00e7eteleri bug\u00fcn \u00e7at\u0131\u015fmalar\u0131 durdurma anla\u015fmas\u0131n\u0131 yeniden ihlal ederek Halep ve k\u0131rsal\u0131nda hastane ve sivil yerle\u015fim alanlar\u0131na f\u00fczelerle sald\u0131rd\u0131.<\/p>\n<p>SANA muhabiri ter\u00f6ristlerin Halep Kentinde Dbayt Do\u011fum ve Kad\u0131n Hastal\u0131klar\u0131 Hastanesini bir f\u00fczeyle hedef ald\u0131klar\u0131n\u0131 aktar\u0131rken, hain sald\u0131r\u0131da 3 ki\u015finin yaraland\u0131\u011f\u0131n\u0131 belirtti.<\/p>\n<p>Di\u011fer yandan Afrin Kentinden yerel kaynaklar SANA ile telefon ba\u011flant\u0131s\u0131nda; ter\u00f6r gruplar\u0131n\u0131n f\u0131rlatt\u0131\u011f\u0131 3 f\u00fczenin kentteki yerle\u015fim semtlerine d\u00fc\u015fmeleri sonucunda sivillere ait m\u00fclklerde b\u00fcy\u00fck maddi hasar\u0131n olu\u015ftu\u011funu ifade etti.<\/p>\n","protected":false},"excerpt":{"rendered":"<p>HALEP \u2013 Vahhabi \u00c2l Suud ve \u0130hvanc\u0131 Erdo\u011fan rejimlerinin destekledikleri ter\u00f6r \u00e7eteleri bug\u00fcn \u00e7at\u0131\u015fmalar\u0131 durdurma anla\u015fmas\u0131n\u0131 yeniden ihlal ederek Halep ve k\u0131rsal\u0131nda hastane ve sivil yerle\u015fim alanlar\u0131na f\u00fczelerle sald\u0131rd\u0131. SANA muhabiri ter\u00f6ristlerin Halep Kentinde Dbayt Do\u011fum ve Kad\u0131n Hastal\u0131klar\u0131 Hastanesini bir f\u00fczeyle hedef ald\u0131klar\u0131n\u0131 aktar\u0131rken, hain sald\u0131r\u0131da 3 ki\u015finin yaraland\u0131\u011f\u0131n\u0131 belirtti. Di\u011fer yandan Afrin Kentinden &hellip;<\/p>\n","protected":false},"author":1,"featured_media":73110,"comment_status":"closed","ping_status":"closed","sticky":false,"template":"","format":"standard","meta":{"footnotes":""},"categories":[479,575,17988,478],"tags":[],"class_list":["post-73109","post","type-post","status-publish","format-standard","has-post-thumbnail","","category-haberler-yerel","category-olaylar-ve-gercekler","category-son-haberler","category-yerel"],"_links":{"self":[{"href":"https:\/\/archive.sana.sy\/tr\/index.php?rest_route=\/wp\/v2\/posts\/73109","targetHints":{"allow":["GET"]}}],"collection":[{"href":"https:\/\/archive.sana.sy\/tr\/index.php?rest_route=\/wp\/v2\/posts"}],"about":[{"href":"https:\/\/archive.sana.sy\/tr\/index.php?rest_route=\/wp\/v2\/types\/post"}],"author":[{"embeddable":true,"href":"https:\/\/archive.sana.sy\/tr\/index.php?rest_route=\/wp\/v2\/users\/1"}],"replies":[{"embeddable":true,"href":"https:\/\/archive.sana.sy\/tr\/index.php?rest_route=%2Fwp%2Fv2%2Fcomments&post=73109"}],"version-history":[{"count":0,"href":"https:\/\/archive.sana.sy\/tr\/index.php?rest_route=\/wp\/v2\/posts\/73109\/revisions"}],"wp:featuredmedia":[{"embeddable":true,"href":"https:\/\/archive.sana.sy\/tr\/index.php?rest_route=\/wp\/v2\/media\/73110"}],"wp:attachment":[{"href":"https:\/\/archive.sana.sy\/tr\/index.php?rest_route=%2Fwp%2Fv2%2Fmedia&parent=73109"}],"wp:term":[{"taxonomy":"category","embeddable":true,"href":"https:\/\/archive.sana.sy\/tr\/index.php?rest_route=%2Fwp%2Fv2%2Fcategories&post=73109"},{"taxonomy":"post_tag","embeddable":true,"href":"https:\/\/archive.sana.sy\/tr\/index.php?rest_route=%2Fwp%2Fv2%2Ftags&post=73109"}],"curies":[{"name":"wp","href":"https:\/\/api.w.org\/{rel}","templated":true}]}}