{"id":7312,"date":"2014-08-14T16:29:10","date_gmt":"2014-08-14T13:29:10","guid":{"rendered":"http:\/\/www.sana.sy\/tr\/?p=7312"},"modified":"2014-08-15T20:13:09","modified_gmt":"2014-08-15T17:13:09","slug":"genel-komutanlik-mleyha-ve-cevresinin-ordunun-kontrolunde-oldugunu-ilan-etti","status":"publish","type":"post","link":"https:\/\/archive.sana.sy\/tr\/?p=7312","title":{"rendered":"Genel Komutanl\u0131k Mleyha ve \u00c7evresinin Ordunun Kontrol\u00fcnde Oldu\u011funu \u0130lan Etti"},"content":{"rendered":"<p>\u015eAM \u2013 Ordu ve Silahl\u0131 Kuvvetler Genel Komutanl\u0131\u011f\u0131 bug\u00fcn \u015eam k\u0131rsal\u0131 Mleyha ve \u00e7evresindeki tar\u0131m arazilerinin tamamen ordu birliklerimizin kontrol\u00fcnde oldu\u011funu a\u00e7\u0131klad\u0131.<\/p>\n<p>Genel Komutanl\u0131kta bir kaynak beyan\u0131nda ordu birliklerimizin Halk Savunma G\u00fc\u00e7lerinden gruplarla i\u015fbirli\u011fi i\u00e7inde \u015eam k\u0131rsal\u0131 Do\u011fu \u011euta B\u00f6lgesinde Mleyha Kasabas\u0131 ve civar\u0131ndaki tar\u0131m arazilerinde g\u00fcvenlik ve istikrar\u0131 koruma g\u00f6revini ba\u015far\u0131yla tamamlad\u0131\u011f\u0131n\u0131 belirtti.<\/p>\n<p>Kaynak ordu birliklerimizin nitelikli operasyonlar zincirinde kasabay\u0131 ter\u00f6r yuvas\u0131na d\u00f6n\u00fc\u015ft\u00fcren tekfirci, kiral\u0131k ve hain gruplardan onlarca ter\u00f6risti \u00f6l\u00fc yaral\u0131 ele ge\u00e7irdiklerini, silah ve ara\u00e7lar\u0131n\u0131 imha ettiklerini ifade etti.<\/p>\n<p>Ordu birliklerimizin bu yeni ba\u015far\u0131s\u0131n\u0131n Suriye ve halk\u0131n\u0131 hedef alan proje ve arkas\u0131nda duranlara bir \u015famar niteli\u011finde oldu\u011funa dikkat \u00e7eken kaynak; vatan koruyucular\u0131m\u0131z\u0131n ard\u0131 ard\u0131na gelen a\u011f\u0131r darbeleri alt\u0131nda y\u0131k\u0131lmaya ba\u015flayan tekfirci ter\u00f6r gruplar\u0131na da b\u00fcy\u00fck bir darbe te\u015fkil etti\u011fini vurgulad\u0131.<\/p>\n<p>Kaynak Mleyha Kasabas\u0131n\u0131n ter\u00f6ristlerden temizlenmesiyle ordu birliklerimizin Do\u011fu \u011euta\u2019da artakalan ter\u00f6r kolonilerine abluka ve \u00e7emberini daha da daralt\u0131p s\u0131kla\u015ft\u0131rm\u0131\u015f oldu\u011funu ifade ederken, Mleyha Beldesinin s\u00f6z konusu ter\u00f6r kolonilerine y\u00f6nelik operasyonlarda hareket ve dayanak noktas\u0131 te\u015fkil edece\u011fini s\u00f6yledi.<\/p>\n<p>Beyan\u0131n\u0131n bitiminde kaynak; Yurdun her kar\u0131\u015f topra\u011f\u0131n\u0131 ter\u00f6rden temizleme ahdini yineleyen Ordu ve Silahl\u0131 Kuvvetler Genel Komutanl\u0131\u011f\u0131n\u0131n, Suriye&#8217;nin t\u00fcm evlatlar\u0131na kuca\u011f\u0131n\u0131 a\u00e7m\u0131\u015f oldu\u011funu bir kez daha belirtip yanl\u0131\u015f yolda olanlar\u0131 da vatan kuca\u011f\u0131na d\u00f6nme \u00e7a\u011fr\u0131s\u0131n\u0131 yineledi.<\/p>\n","protected":false},"excerpt":{"rendered":"<p>\u015eAM \u2013 Ordu ve Silahl\u0131 Kuvvetler Genel Komutanl\u0131\u011f\u0131 bug\u00fcn \u015eam k\u0131rsal\u0131 Mleyha ve \u00e7evresindeki tar\u0131m arazilerinin tamamen ordu birliklerimizin kontrol\u00fcnde oldu\u011funu a\u00e7\u0131klad\u0131. Genel Komutanl\u0131kta bir kaynak beyan\u0131nda ordu birliklerimizin Halk Savunma G\u00fc\u00e7lerinden gruplarla i\u015fbirli\u011fi i\u00e7inde \u015eam k\u0131rsal\u0131 Do\u011fu \u011euta B\u00f6lgesinde Mleyha Kasabas\u0131 ve civar\u0131ndaki tar\u0131m arazilerinde g\u00fcvenlik ve istikrar\u0131 koruma g\u00f6revini ba\u015far\u0131yla tamamlad\u0131\u011f\u0131n\u0131 belirtti. Kaynak &hellip;<\/p>\n","protected":false},"author":1,"featured_media":7314,"comment_status":"closed","ping_status":"closed","sticky":false,"template":"","format":"standard","meta":{"footnotes":""},"categories":[575],"tags":[1633,1634,1636,1635,1637],"class_list":["post-7312","post","type-post","status-publish","format-standard","has-post-thumbnail","","category-olaylar-ve-gercekler","tag-genel-komutanlik-mleyha-ve-cevresinin-ordunun-kontrolunde-oldugunu-ilan-etti-sam-ordu-ve-silahli-kuvvetler-genel-komutanligi-bugun-sam-kirsali-mleyha-ve-cevresindeki-tarim-arazilerinin-tamam","tag-kiralik-ve-hain-gruplardan-onlarca-teroristi-olu-yarali-ele-gecirdiklerini","tag-mleyha-beldesinin-soz-konusu-teror-kolonilerine-yonelik-operasyonlarda-hareket-ve-dayanak-noktasi-teskil-edecegini-soyledi-beyaninin-bitiminde-kaynak-yurdun-her-karis-topragini-terorden-temizleme-ah","tag-silah-ve-araclarini-imha-ettiklerini-ifade-etti-ordu-birliklerimizin-bu-yeni-basarisinin-suriye-ve-halkini-hedef-alan-proje-ve-arkasinda-duranlara-bir-samar-niteliginde-olduguna-dikkat-ceken-kaynak","tag-suriyenin-tum-evlatlarina-kucagini-acmis-oldugunu-bir-kez-daha-belirtip-yanlis-yolda-olanlari-da-vatan-kucagina-donme-cagrisini-yineledi"],"_links":{"self":[{"href":"https:\/\/archive.sana.sy\/tr\/index.php?rest_route=\/wp\/v2\/posts\/7312","targetHints":{"allow":["GET"]}}],"collection":[{"href":"https:\/\/archive.sana.sy\/tr\/index.php?rest_route=\/wp\/v2\/posts"}],"about":[{"href":"https:\/\/archive.sana.sy\/tr\/index.php?rest_route=\/wp\/v2\/types\/post"}],"author":[{"embeddable":true,"href":"https:\/\/archive.sana.sy\/tr\/index.php?rest_route=\/wp\/v2\/users\/1"}],"replies":[{"embeddable":true,"href":"https:\/\/archive.sana.sy\/tr\/index.php?rest_route=%2Fwp%2Fv2%2Fcomments&post=7312"}],"version-history":[{"count":0,"href":"https:\/\/archive.sana.sy\/tr\/index.php?rest_route=\/wp\/v2\/posts\/7312\/revisions"}],"wp:featuredmedia":[{"embeddable":true,"href":"https:\/\/archive.sana.sy\/tr\/index.php?rest_route=\/wp\/v2\/media\/7314"}],"wp:attachment":[{"href":"https:\/\/archive.sana.sy\/tr\/index.php?rest_route=%2Fwp%2Fv2%2Fmedia&parent=7312"}],"wp:term":[{"taxonomy":"category","embeddable":true,"href":"https:\/\/archive.sana.sy\/tr\/index.php?rest_route=%2Fwp%2Fv2%2Fcategories&post=7312"},{"taxonomy":"post_tag","embeddable":true,"href":"https:\/\/archive.sana.sy\/tr\/index.php?rest_route=%2Fwp%2Fv2%2Ftags&post=7312"}],"curies":[{"name":"wp","href":"https:\/\/api.w.org\/{rel}","templated":true}]}}