{"id":73159,"date":"2016-05-17T09:01:49","date_gmt":"2016-05-17T06:01:49","guid":{"rendered":"http:\/\/www.sana.sy\/tr\/?p=73159"},"modified":"2016-05-17T13:02:42","modified_gmt":"2016-05-17T10:02:42","slug":"uluslararasi-suriyeye-destek-grubu-devletleri-avusturyanin-baskenti-viyanada-toplantilarina-basladi","status":"publish","type":"post","link":"https:\/\/archive.sana.sy\/tr\/?p=73159","title":{"rendered":"Uluslararas\u0131 Suriye&#8217;ye Destek Grubu devletleri Avusturya\u2019n\u0131n ba\u015fkenti Viyana\u2019da toplant\u0131lar\u0131na ba\u015flad\u0131"},"content":{"rendered":"<p>Uluslararas\u0131 Suriye&#8217;ye Destek Grubu devletleri Avusturya\u2019n\u0131n ba\u015fkenti Viyana\u2019da toplant\u0131lar\u0131na ba\u015flad\u0131<\/p>\n","protected":false},"excerpt":{"rendered":"<p>Uluslararas\u0131 Suriye&#8217;ye Destek Grubu devletleri Avusturya\u2019n\u0131n ba\u015fkenti Viyana\u2019da toplant\u0131lar\u0131na ba\u015flad\u0131<\/p>\n","protected":false},"author":1,"featured_media":0,"comment_status":"closed","ping_status":"closed","sticky":false,"template":"","format":"standard","meta":{"footnotes":""},"categories":[17991],"tags":[],"class_list":["post-73159","post","type-post","status-publish","format-standard","","category-son-dakika"],"_links":{"self":[{"href":"https:\/\/archive.sana.sy\/tr\/index.php?rest_route=\/wp\/v2\/posts\/73159","targetHints":{"allow":["GET"]}}],"collection":[{"href":"https:\/\/archive.sana.sy\/tr\/index.php?rest_route=\/wp\/v2\/posts"}],"about":[{"href":"https:\/\/archive.sana.sy\/tr\/index.php?rest_route=\/wp\/v2\/types\/post"}],"author":[{"embeddable":true,"href":"https:\/\/archive.sana.sy\/tr\/index.php?rest_route=\/wp\/v2\/users\/1"}],"replies":[{"embeddable":true,"href":"https:\/\/archive.sana.sy\/tr\/index.php?rest_route=%2Fwp%2Fv2%2Fcomments&post=73159"}],"version-history":[{"count":0,"href":"https:\/\/archive.sana.sy\/tr\/index.php?rest_route=\/wp\/v2\/posts\/73159\/revisions"}],"wp:attachment":[{"href":"https:\/\/archive.sana.sy\/tr\/index.php?rest_route=%2Fwp%2Fv2%2Fmedia&parent=73159"}],"wp:term":[{"taxonomy":"category","embeddable":true,"href":"https:\/\/archive.sana.sy\/tr\/index.php?rest_route=%2Fwp%2Fv2%2Fcategories&post=73159"},{"taxonomy":"post_tag","embeddable":true,"href":"https:\/\/archive.sana.sy\/tr\/index.php?rest_route=%2Fwp%2Fv2%2Ftags&post=73159"}],"curies":[{"name":"wp","href":"https:\/\/api.w.org\/{rel}","templated":true}]}}