{"id":73208,"date":"2016-05-17T08:00:20","date_gmt":"2016-05-17T05:00:20","guid":{"rendered":"http:\/\/sana.sy\/tr\/?p=73208"},"modified":"2016-05-18T15:41:19","modified_gmt":"2016-05-18T12:41:19","slug":"elimizde-dakik-veriler-var","status":"publish","type":"post","link":"https:\/\/archive.sana.sy\/tr\/?p=73208","title":{"rendered":"Elimizde Dakik Veriler Var"},"content":{"rendered":"<p>TAHRAN \u2013 \u0130ran\u2019da Stratejik Savunma Ara\u015ft\u0131rmalar\u0131 Merkezi M\u00fcd\u00fcr\u00fc Tu\u011fgeneral Ahmet Vahidi; \u0130ran\u2019\u0131n elinde, ABD\u2019nin Suriye ve Irak\u2019ta ter\u00f6ristlere muhtelif t\u00fcr deste\u011fini kan\u0131tlayan veriler bulundu\u011funu belirtti.<\/p>\n<p>Tu\u011fgeneral Vahidi bug\u00fcn yapt\u0131\u011f\u0131 konu\u015fmada ABD\u2019nin istikrar ve g\u00fcvenli\u011fi baltalama amac\u0131yla ter\u00f6ristleri \u0130ran\u2019\u0131n do\u011fusu dahil olmak \u00fczere Asya devletlerine ta\u015f\u0131maya \u00e7al\u0131\u015ft\u0131\u011f\u0131n\u0131 ifade etti.<\/p>\n<p>R.H.<\/p>\n","protected":false},"excerpt":{"rendered":"<p>TAHRAN \u2013 \u0130ran\u2019da Stratejik Savunma Ara\u015ft\u0131rmalar\u0131 Merkezi M\u00fcd\u00fcr\u00fc Tu\u011fgeneral Ahmet Vahidi; \u0130ran\u2019\u0131n elinde, ABD\u2019nin Suriye ve Irak\u2019ta ter\u00f6ristlere muhtelif t\u00fcr deste\u011fini kan\u0131tlayan veriler bulundu\u011funu belirtti. Tu\u011fgeneral Vahidi bug\u00fcn yapt\u0131\u011f\u0131 konu\u015fmada ABD\u2019nin istikrar ve g\u00fcvenli\u011fi baltalama amac\u0131yla ter\u00f6ristleri \u0130ran\u2019\u0131n do\u011fusu dahil olmak \u00fczere Asya devletlerine ta\u015f\u0131maya \u00e7al\u0131\u015ft\u0131\u011f\u0131n\u0131 ifade etti. R.H.<\/p>\n","protected":false},"author":1,"featured_media":73209,"comment_status":"closed","ping_status":"closed","sticky":false,"template":"","format":"standard","meta":{"footnotes":""},"categories":[458,459,17988],"tags":[21180,21181],"class_list":["post-73208","post","type-post","status-publish","format-standard","has-post-thumbnail","","category-dunya1","category-haberler-arap-uluslararasi-politika","category-son-haberler","tag-elimizde-dakik-veriler-var","tag-iranda-stratejik-savunma-arastirmalari-merkezi-muduru-tuggeneral-ahmet-vahidi"],"_links":{"self":[{"href":"https:\/\/archive.sana.sy\/tr\/index.php?rest_route=\/wp\/v2\/posts\/73208","targetHints":{"allow":["GET"]}}],"collection":[{"href":"https:\/\/archive.sana.sy\/tr\/index.php?rest_route=\/wp\/v2\/posts"}],"about":[{"href":"https:\/\/archive.sana.sy\/tr\/index.php?rest_route=\/wp\/v2\/types\/post"}],"author":[{"embeddable":true,"href":"https:\/\/archive.sana.sy\/tr\/index.php?rest_route=\/wp\/v2\/users\/1"}],"replies":[{"embeddable":true,"href":"https:\/\/archive.sana.sy\/tr\/index.php?rest_route=%2Fwp%2Fv2%2Fcomments&post=73208"}],"version-history":[{"count":0,"href":"https:\/\/archive.sana.sy\/tr\/index.php?rest_route=\/wp\/v2\/posts\/73208\/revisions"}],"wp:featuredmedia":[{"embeddable":true,"href":"https:\/\/archive.sana.sy\/tr\/index.php?rest_route=\/wp\/v2\/media\/73209"}],"wp:attachment":[{"href":"https:\/\/archive.sana.sy\/tr\/index.php?rest_route=%2Fwp%2Fv2%2Fmedia&parent=73208"}],"wp:term":[{"taxonomy":"category","embeddable":true,"href":"https:\/\/archive.sana.sy\/tr\/index.php?rest_route=%2Fwp%2Fv2%2Fcategories&post=73208"},{"taxonomy":"post_tag","embeddable":true,"href":"https:\/\/archive.sana.sy\/tr\/index.php?rest_route=%2Fwp%2Fv2%2Ftags&post=73208"}],"curies":[{"name":"wp","href":"https:\/\/api.w.org\/{rel}","templated":true}]}}