{"id":73229,"date":"2016-05-17T14:01:19","date_gmt":"2016-05-17T11:01:19","guid":{"rendered":"http:\/\/www.sana.sy\/tr\/?p=73229"},"modified":"2016-05-17T15:04:35","modified_gmt":"2016-05-17T12:04:35","slug":"bakanlar-kurulu-bugun-baskani-vail-el-halaki-baskanliginda-haftalik-oturumunu-duzenleyerek-gundeminde-yer-alan-karar-ve-meseleleri-tartisti","status":"publish","type":"post","link":"https:\/\/archive.sana.sy\/tr\/?p=73229","title":{"rendered":"Bakanlar Kurulu bug\u00fcn ba\u015fkan\u0131 Vail el Halaki ba\u015fkanl\u0131\u011f\u0131nda haftal\u0131k oturumunu d\u00fczenleyerek g\u00fcndeminde yer alan karar ve meseleleri tart\u0131\u015ft\u0131"},"content":{"rendered":"<p>Bakanlar Kurulu bug\u00fcn ba\u015fkan\u0131 Vail el Halaki ba\u015fkanl\u0131\u011f\u0131nda haftal\u0131k oturumunu d\u00fczenleyerek g\u00fcndeminde yer alan karar ve meseleleri tart\u0131\u015ft\u0131<\/p>\n","protected":false},"excerpt":{"rendered":"<p>Bakanlar Kurulu bug\u00fcn ba\u015fkan\u0131 Vail el Halaki ba\u015fkanl\u0131\u011f\u0131nda haftal\u0131k oturumunu d\u00fczenleyerek g\u00fcndeminde yer alan karar ve meseleleri tart\u0131\u015ft\u0131<\/p>\n","protected":false},"author":1,"featured_media":0,"comment_status":"closed","ping_status":"closed","sticky":false,"template":"","format":"standard","meta":{"footnotes":""},"categories":[17991],"tags":[],"class_list":["post-73229","post","type-post","status-publish","format-standard","","category-son-dakika"],"_links":{"self":[{"href":"https:\/\/archive.sana.sy\/tr\/index.php?rest_route=\/wp\/v2\/posts\/73229","targetHints":{"allow":["GET"]}}],"collection":[{"href":"https:\/\/archive.sana.sy\/tr\/index.php?rest_route=\/wp\/v2\/posts"}],"about":[{"href":"https:\/\/archive.sana.sy\/tr\/index.php?rest_route=\/wp\/v2\/types\/post"}],"author":[{"embeddable":true,"href":"https:\/\/archive.sana.sy\/tr\/index.php?rest_route=\/wp\/v2\/users\/1"}],"replies":[{"embeddable":true,"href":"https:\/\/archive.sana.sy\/tr\/index.php?rest_route=%2Fwp%2Fv2%2Fcomments&post=73229"}],"version-history":[{"count":0,"href":"https:\/\/archive.sana.sy\/tr\/index.php?rest_route=\/wp\/v2\/posts\/73229\/revisions"}],"wp:attachment":[{"href":"https:\/\/archive.sana.sy\/tr\/index.php?rest_route=%2Fwp%2Fv2%2Fmedia&parent=73229"}],"wp:term":[{"taxonomy":"category","embeddable":true,"href":"https:\/\/archive.sana.sy\/tr\/index.php?rest_route=%2Fwp%2Fv2%2Fcategories&post=73229"},{"taxonomy":"post_tag","embeddable":true,"href":"https:\/\/archive.sana.sy\/tr\/index.php?rest_route=%2Fwp%2Fv2%2Ftags&post=73229"}],"curies":[{"name":"wp","href":"https:\/\/api.w.org\/{rel}","templated":true}]}}