{"id":73263,"date":"2016-05-17T16:23:24","date_gmt":"2016-05-17T13:23:24","guid":{"rendered":"http:\/\/www.sana.sy\/tr\/?p=73263"},"modified":"2016-05-17T16:21:38","modified_gmt":"2016-05-17T13:21:38","slug":"rusyanin-suriyede-terorle-mucadeleyi-destekledigini-vurgulayan-lavrov-bu-baglamda-da-suriye-ordusundan-daha-etkin-ve-daha-onemli-bir-guc-olmadigina-inandiginin-altini-cizdi","status":"publish","type":"post","link":"https:\/\/archive.sana.sy\/tr\/?p=73263","title":{"rendered":"Rusya&#8217;n\u0131n Suriye&#8217;de ter\u00f6rle m\u00fccadeleyi destekledi\u011fini vurgulayan Lavrov; bu ba\u011flamda da Suriye ordusundan daha etkin ve daha \u00f6nemli bir g\u00fc\u00e7 olmad\u0131\u011f\u0131na inand\u0131\u011f\u0131n\u0131n alt\u0131n\u0131 \u00e7izdi."},"content":{"rendered":"<p>Rusya&#8217;n\u0131n Suriye&#8217;de ter\u00f6rle m\u00fccadeleyi destekledi\u011fini vurgulayan Lavrov; bu ba\u011flamda da Suriye ordusundan daha etkin ve daha \u00f6nemli bir g\u00fc\u00e7 olmad\u0131\u011f\u0131na inand\u0131\u011f\u0131n\u0131n alt\u0131n\u0131 \u00e7izdi.<\/p>\n","protected":false},"excerpt":{"rendered":"<p>Rusya&#8217;n\u0131n Suriye&#8217;de ter\u00f6rle m\u00fccadeleyi destekledi\u011fini vurgulayan Lavrov; bu ba\u011flamda da Suriye ordusundan daha etkin ve daha \u00f6nemli bir g\u00fc\u00e7 olmad\u0131\u011f\u0131na inand\u0131\u011f\u0131n\u0131n alt\u0131n\u0131 \u00e7izdi.<\/p>\n","protected":false},"author":1,"featured_media":0,"comment_status":"closed","ping_status":"closed","sticky":false,"template":"","format":"standard","meta":{"footnotes":""},"categories":[17991],"tags":[],"class_list":["post-73263","post","type-post","status-publish","format-standard","","category-son-dakika"],"_links":{"self":[{"href":"https:\/\/archive.sana.sy\/tr\/index.php?rest_route=\/wp\/v2\/posts\/73263","targetHints":{"allow":["GET"]}}],"collection":[{"href":"https:\/\/archive.sana.sy\/tr\/index.php?rest_route=\/wp\/v2\/posts"}],"about":[{"href":"https:\/\/archive.sana.sy\/tr\/index.php?rest_route=\/wp\/v2\/types\/post"}],"author":[{"embeddable":true,"href":"https:\/\/archive.sana.sy\/tr\/index.php?rest_route=\/wp\/v2\/users\/1"}],"replies":[{"embeddable":true,"href":"https:\/\/archive.sana.sy\/tr\/index.php?rest_route=%2Fwp%2Fv2%2Fcomments&post=73263"}],"version-history":[{"count":0,"href":"https:\/\/archive.sana.sy\/tr\/index.php?rest_route=\/wp\/v2\/posts\/73263\/revisions"}],"wp:attachment":[{"href":"https:\/\/archive.sana.sy\/tr\/index.php?rest_route=%2Fwp%2Fv2%2Fmedia&parent=73263"}],"wp:term":[{"taxonomy":"category","embeddable":true,"href":"https:\/\/archive.sana.sy\/tr\/index.php?rest_route=%2Fwp%2Fv2%2Fcategories&post=73263"},{"taxonomy":"post_tag","embeddable":true,"href":"https:\/\/archive.sana.sy\/tr\/index.php?rest_route=%2Fwp%2Fv2%2Ftags&post=73263"}],"curies":[{"name":"wp","href":"https:\/\/api.w.org\/{rel}","templated":true}]}}