{"id":73266,"date":"2016-05-17T16:25:27","date_gmt":"2016-05-17T13:25:27","guid":{"rendered":"http:\/\/www.sana.sy\/tr\/?p=73266"},"modified":"2016-05-17T16:24:40","modified_gmt":"2016-05-17T13:24:40","slug":"lavrov-rusya-acisindan-temel-onceligin-terorle-mucadele-oldugunu-ifade-ederken-suriyede-belli-bir-sahis-yada-tarafi-degil-de-bmde-uye-egemen-ve-bagimsiz-bir-devleti-destekledigini-bu-dev","status":"publish","type":"post","link":"https:\/\/archive.sana.sy\/tr\/?p=73266","title":{"rendered":"Lavrov Rusya a\u00e7\u0131s\u0131ndan temel \u00f6nceli\u011fin ter\u00f6rle m\u00fccadele oldu\u011funu ifade ederken, Suriye&#8217;de belli bir \u015fah\u0131s yada taraf\u0131 de\u011fil de, BM\u2019de \u00fcye egemen ve ba\u011f\u0131ms\u0131z bir devleti destekledi\u011fini, bu devletin de egemenli\u011fi ve toprak b\u00fct\u00fcnl\u00fc\u011f\u00fcn\u00fc savundu\u011funun alt\u0131n\u0131 \u00e7izdi"},"content":{"rendered":"<p>Lavrov Rusya a\u00e7\u0131s\u0131ndan temel \u00f6nceli\u011fin ter\u00f6rle m\u00fccadele oldu\u011funu ifade ederken, Suriye&#8217;de belli bir \u015fah\u0131s yada taraf\u0131 de\u011fil de, BM\u2019de \u00fcye egemen ve ba\u011f\u0131ms\u0131z bir devleti destekledi\u011fini, bu devletin de egemenli\u011fi ve toprak b\u00fct\u00fcnl\u00fc\u011f\u00fcn\u00fc savundu\u011funun alt\u0131n\u0131 \u00e7izdi<\/p>\n","protected":false},"excerpt":{"rendered":"<p>Lavrov Rusya a\u00e7\u0131s\u0131ndan temel \u00f6nceli\u011fin ter\u00f6rle m\u00fccadele oldu\u011funu ifade ederken, Suriye&#8217;de belli bir \u015fah\u0131s yada taraf\u0131 de\u011fil de, BM\u2019de \u00fcye egemen ve ba\u011f\u0131ms\u0131z bir devleti destekledi\u011fini, bu devletin de egemenli\u011fi ve toprak b\u00fct\u00fcnl\u00fc\u011f\u00fcn\u00fc savundu\u011funun alt\u0131n\u0131 \u00e7izdi<\/p>\n","protected":false},"author":1,"featured_media":0,"comment_status":"closed","ping_status":"closed","sticky":false,"template":"","format":"standard","meta":{"footnotes":""},"categories":[17991],"tags":[],"class_list":["post-73266","post","type-post","status-publish","format-standard","","category-son-dakika"],"_links":{"self":[{"href":"https:\/\/archive.sana.sy\/tr\/index.php?rest_route=\/wp\/v2\/posts\/73266","targetHints":{"allow":["GET"]}}],"collection":[{"href":"https:\/\/archive.sana.sy\/tr\/index.php?rest_route=\/wp\/v2\/posts"}],"about":[{"href":"https:\/\/archive.sana.sy\/tr\/index.php?rest_route=\/wp\/v2\/types\/post"}],"author":[{"embeddable":true,"href":"https:\/\/archive.sana.sy\/tr\/index.php?rest_route=\/wp\/v2\/users\/1"}],"replies":[{"embeddable":true,"href":"https:\/\/archive.sana.sy\/tr\/index.php?rest_route=%2Fwp%2Fv2%2Fcomments&post=73266"}],"version-history":[{"count":0,"href":"https:\/\/archive.sana.sy\/tr\/index.php?rest_route=\/wp\/v2\/posts\/73266\/revisions"}],"wp:attachment":[{"href":"https:\/\/archive.sana.sy\/tr\/index.php?rest_route=%2Fwp%2Fv2%2Fmedia&parent=73266"}],"wp:term":[{"taxonomy":"category","embeddable":true,"href":"https:\/\/archive.sana.sy\/tr\/index.php?rest_route=%2Fwp%2Fv2%2Fcategories&post=73266"},{"taxonomy":"post_tag","embeddable":true,"href":"https:\/\/archive.sana.sy\/tr\/index.php?rest_route=%2Fwp%2Fv2%2Ftags&post=73266"}],"curies":[{"name":"wp","href":"https:\/\/api.w.org\/{rel}","templated":true}]}}