{"id":73284,"date":"2016-05-17T20:00:51","date_gmt":"2016-05-17T17:00:51","guid":{"rendered":"http:\/\/sana.sy\/tr\/?p=73284"},"modified":"2016-05-18T15:39:51","modified_gmt":"2016-05-18T12:39:51","slug":"sehit-ve-yaralilar-arasinda-kadin-ve-cocuklar-da-var","status":"publish","type":"post","link":"https:\/\/archive.sana.sy\/tr\/?p=73284","title":{"rendered":"\u015eehit ve Yaral\u0131lar Aras\u0131nda Kad\u0131n ve \u00c7ocuklar da Var"},"content":{"rendered":"<p>HALEP \u2013 Halep ve k\u0131rsal\u0131nda Erdo\u011fan ve Al Suud rejimlerine tabi olarak ter\u00f6r estiren ter\u00f6r \u00f6rg\u00fctlerin bug\u00fcn \u00e7at\u0131\u015fmalar\u0131 durdurma anla\u015fmas\u0131na ihlallerinde 1 kad\u0131n \u015fehit, 6 ki\u015fi de yaral\u0131 d\u00fc\u015ft\u00fc.<\/p>\n<p>Halep \u0130l Emniyet M\u00fcd\u00fcrl\u00fc\u011f\u00fcnde yetkili bir kaynak SANA\u2019ya a\u00e7\u0131klamas\u0131nda Erdo\u011fan ve Al Suud ter\u00f6r \u00e7etelerinin Hamadaniye Semtinin \u00dc\u00e7\u00fcnc\u00fc B\u00f6lgesini f\u00fczeyle hedef ald\u0131klar\u0131n\u0131 belirtti. Kaynak geli\u015fig\u00fczel hain sald\u0131r\u0131da 1 kad\u0131n\u0131n \u015fehit, aralar\u0131nda bir \u00e7ocu\u011fun bulundu\u011fu 6 ki\u015finin de yaraland\u0131\u011f\u0131n\u0131 s\u00f6yledi.<\/p>\n","protected":false},"excerpt":{"rendered":"<p>HALEP \u2013 Halep ve k\u0131rsal\u0131nda Erdo\u011fan ve Al Suud rejimlerine tabi olarak ter\u00f6r estiren ter\u00f6r \u00f6rg\u00fctlerin bug\u00fcn \u00e7at\u0131\u015fmalar\u0131 durdurma anla\u015fmas\u0131na ihlallerinde 1 kad\u0131n \u015fehit, 6 ki\u015fi de yaral\u0131 d\u00fc\u015ft\u00fc. Halep \u0130l Emniyet M\u00fcd\u00fcrl\u00fc\u011f\u00fcnde yetkili bir kaynak SANA\u2019ya a\u00e7\u0131klamas\u0131nda Erdo\u011fan ve Al Suud ter\u00f6r \u00e7etelerinin Hamadaniye Semtinin \u00dc\u00e7\u00fcnc\u00fc B\u00f6lgesini f\u00fczeyle hedef ald\u0131klar\u0131n\u0131 belirtti. Kaynak geli\u015fig\u00fczel hain &hellip;<\/p>\n","protected":false},"author":1,"featured_media":73285,"comment_status":"closed","ping_status":"closed","sticky":false,"template":"","format":"standard","meta":{"footnotes":""},"categories":[575,17988],"tags":[21203,21202],"class_list":["post-73284","post","type-post","status-publish","format-standard","has-post-thumbnail","","category-olaylar-ve-gercekler","category-son-haberler","tag-catismalari-durdurma-anlasmasina-ihlalleri","tag-sehit-ve-yaralilar-arasinda-kadin-ve-cocuklar-da-var"],"_links":{"self":[{"href":"https:\/\/archive.sana.sy\/tr\/index.php?rest_route=\/wp\/v2\/posts\/73284","targetHints":{"allow":["GET"]}}],"collection":[{"href":"https:\/\/archive.sana.sy\/tr\/index.php?rest_route=\/wp\/v2\/posts"}],"about":[{"href":"https:\/\/archive.sana.sy\/tr\/index.php?rest_route=\/wp\/v2\/types\/post"}],"author":[{"embeddable":true,"href":"https:\/\/archive.sana.sy\/tr\/index.php?rest_route=\/wp\/v2\/users\/1"}],"replies":[{"embeddable":true,"href":"https:\/\/archive.sana.sy\/tr\/index.php?rest_route=%2Fwp%2Fv2%2Fcomments&post=73284"}],"version-history":[{"count":0,"href":"https:\/\/archive.sana.sy\/tr\/index.php?rest_route=\/wp\/v2\/posts\/73284\/revisions"}],"wp:featuredmedia":[{"embeddable":true,"href":"https:\/\/archive.sana.sy\/tr\/index.php?rest_route=\/wp\/v2\/media\/73285"}],"wp:attachment":[{"href":"https:\/\/archive.sana.sy\/tr\/index.php?rest_route=%2Fwp%2Fv2%2Fmedia&parent=73284"}],"wp:term":[{"taxonomy":"category","embeddable":true,"href":"https:\/\/archive.sana.sy\/tr\/index.php?rest_route=%2Fwp%2Fv2%2Fcategories&post=73284"},{"taxonomy":"post_tag","embeddable":true,"href":"https:\/\/archive.sana.sy\/tr\/index.php?rest_route=%2Fwp%2Fv2%2Ftags&post=73284"}],"curies":[{"name":"wp","href":"https:\/\/api.w.org\/{rel}","templated":true}]}}