{"id":7329,"date":"2014-08-14T13:00:28","date_gmt":"2014-08-14T10:00:28","guid":{"rendered":"http:\/\/www.sana.sy\/tr\/?p=7329"},"modified":"2014-08-15T22:35:23","modified_gmt":"2014-08-15T19:35:23","slug":"golanli-ogrenciler-anavatanlarindaki-universitelerine-donuyor","status":"publish","type":"post","link":"https:\/\/archive.sana.sy\/tr\/?p=7329","title":{"rendered":"Golanl\u0131 \u00d6\u011frenciler Anavatanlar\u0131ndaki \u00dcniversitelerine D\u00f6n\u00fcyor"},"content":{"rendered":"<p>KUNAYTRA \u2013 \u0130srail i\u015fgali alt\u0131ndaki Golan topraklar\u0131ndan 32 k\u0131z ve erkek \u00f6\u011frenci bug\u00fcn Uluslararas\u0131 K\u0131z\u0131lha\u00e7 \u00d6rg\u00fct\u00fc ve Golan\u2019da g\u00f6rev yapan BM ate\u015fkesi denetleme g\u00fc\u00e7lerinin denetimi alt\u0131nda Kunaytra Ge\u00e7idinden anavatanlar\u0131ndaki \u00fcniversitelerde \u00f6\u011frenimlerini tamamlamalar\u0131 amac\u0131yla Suriye&#8217;ye giri\u015f yapt\u0131lar.<\/p>\n<p><img loading=\"lazy\" decoding=\"async\" class=\"alignright wp-image-7330 size-medium\" src=\"http:\/\/www.sana.sy\/tr\/wp-content\/uploads\/2014\/08\/\u00f6\u011frenciler-2-300x201.jpg\" alt=\"\u00f6\u011frenciler 2\" width=\"300\" height=\"201\" srcset=\"https:\/\/archive.sana.sy\/tr\/wp-content\/uploads\/2014\/08\/\u00f6\u011frenciler-2-300x201.jpg 300w, https:\/\/archive.sana.sy\/tr\/wp-content\/uploads\/2014\/08\/\u00f6\u011frenciler-2-150x100.jpg 150w, https:\/\/archive.sana.sy\/tr\/wp-content\/uploads\/2014\/08\/\u00f6\u011frenciler-2.jpg 400w\" sizes=\"auto, (max-width: 300px) 100vw, 300px\" \/>Kunaytra Valisi Main Salahattin Ali; \u0130srail medyas\u0131 ve otoritelerinin Suriye&#8217;de ya\u015fananlara ili\u015fkin abart\u0131lar\u0131 ve spek\u00fclasyonlar\u0131 ile Golan halk\u0131n\u0131 korkutmaya \u00e7al\u0131\u015fmas\u0131na ra\u011fmen Golanl\u0131 \u00f6\u011frencilerin anavatanlar\u0131nda \u00f6\u011frenimlerini tamamlama \u0131srarlar\u0131n\u0131n kendileri ve Golan ahalisinin anavatanlar\u0131 Suriye&#8217;ye ba\u011fl\u0131l\u0131klar\u0131 ve desteklerini kan\u0131tlad\u0131\u011f\u0131n\u0131 ifade etti.<\/p>\n<p>Bu arada Suriye \u00fcniversitelerinin muhtelif fak\u00fclteleri ve b\u00f6l\u00fcmlerinde Golanl\u0131 y\u00fczlerce \u00f6\u011frenci \u00f6\u011frenimlerini s\u00fcrd\u00fcr\u00fcyor.<\/p>\n<p>&nbsp;<\/p>\n","protected":false},"excerpt":{"rendered":"<p>KUNAYTRA \u2013 \u0130srail i\u015fgali alt\u0131ndaki Golan topraklar\u0131ndan 32 k\u0131z ve erkek \u00f6\u011frenci bug\u00fcn Uluslararas\u0131 K\u0131z\u0131lha\u00e7 \u00d6rg\u00fct\u00fc ve Golan\u2019da g\u00f6rev yapan BM ate\u015fkesi denetleme g\u00fc\u00e7lerinin denetimi alt\u0131nda Kunaytra Ge\u00e7idinden anavatanlar\u0131ndaki \u00fcniversitelerde \u00f6\u011frenimlerini tamamlamalar\u0131 amac\u0131yla Suriye&#8217;ye giri\u015f yapt\u0131lar. Kunaytra Valisi Main Salahattin Ali; \u0130srail medyas\u0131 ve otoritelerinin Suriye&#8217;de ya\u015fananlara ili\u015fkin abart\u0131lar\u0131 ve spek\u00fclasyonlar\u0131 ile Golan halk\u0131n\u0131 korkutmaya &hellip;<\/p>\n","protected":false},"author":1,"featured_media":7331,"comment_status":"closed","ping_status":"closed","sticky":false,"template":"","format":"standard","meta":{"footnotes":""},"categories":[479,478],"tags":[1639],"class_list":["post-7329","post","type-post","status-publish","format-standard","has-post-thumbnail","","category-haberler-yerel","category-yerel","tag-golanli-ogrenciler-anavatanlarindaki-universitelerine-donuyor"],"_links":{"self":[{"href":"https:\/\/archive.sana.sy\/tr\/index.php?rest_route=\/wp\/v2\/posts\/7329","targetHints":{"allow":["GET"]}}],"collection":[{"href":"https:\/\/archive.sana.sy\/tr\/index.php?rest_route=\/wp\/v2\/posts"}],"about":[{"href":"https:\/\/archive.sana.sy\/tr\/index.php?rest_route=\/wp\/v2\/types\/post"}],"author":[{"embeddable":true,"href":"https:\/\/archive.sana.sy\/tr\/index.php?rest_route=\/wp\/v2\/users\/1"}],"replies":[{"embeddable":true,"href":"https:\/\/archive.sana.sy\/tr\/index.php?rest_route=%2Fwp%2Fv2%2Fcomments&post=7329"}],"version-history":[{"count":0,"href":"https:\/\/archive.sana.sy\/tr\/index.php?rest_route=\/wp\/v2\/posts\/7329\/revisions"}],"wp:featuredmedia":[{"embeddable":true,"href":"https:\/\/archive.sana.sy\/tr\/index.php?rest_route=\/wp\/v2\/media\/7331"}],"wp:attachment":[{"href":"https:\/\/archive.sana.sy\/tr\/index.php?rest_route=%2Fwp%2Fv2%2Fmedia&parent=7329"}],"wp:term":[{"taxonomy":"category","embeddable":true,"href":"https:\/\/archive.sana.sy\/tr\/index.php?rest_route=%2Fwp%2Fv2%2Fcategories&post=7329"},{"taxonomy":"post_tag","embeddable":true,"href":"https:\/\/archive.sana.sy\/tr\/index.php?rest_route=%2Fwp%2Fv2%2Ftags&post=7329"}],"curies":[{"name":"wp","href":"https:\/\/api.w.org\/{rel}","templated":true}]}}