{"id":73290,"date":"2016-05-18T10:41:50","date_gmt":"2016-05-18T07:41:50","guid":{"rendered":"http:\/\/sana.sy\/tr\/?p=73290"},"modified":"2016-05-18T10:41:50","modified_gmt":"2016-05-18T07:41:50","slug":"sehit-anneleri-onuruna-toren-duzenlendi","status":"publish","type":"post","link":"https:\/\/archive.sana.sy\/tr\/?p=73290","title":{"rendered":"\u015eehit Anneleri Onuruna T\u00f6ren D\u00fczenlendi"},"content":{"rendered":"<p>Zehrat el Medain (Kentlerin \u00c7i\u00e7e\u011fi) Hay\u0131r Cemiyeti d\u00fcn Suriye topraklar\u0131n\u0131 ter\u00f6re kar\u015f\u0131 savunurken hayat\u0131n\u0131 kaybeden Filistinli \u015fehitler ve anneleri onuruna bir t\u00f6ren d\u00fczenledi. T\u00f6rende \u201cMemleketimde \u00d6zg\u00fcrl\u00fck Yolundaki Kad\u0131nlar\u201d ba\u015fl\u0131\u011f\u0131 alt\u0131da a\u00e7\u0131lan sergide Filistin \u0130ntifadas\u0131n\u0131 sembolize eden resimler sergilenirken di\u011fer bir sergide de el i\u015fi \u00fcr\u00fcnleri sergilendi<\/p>\n<p>https:\/\/youtu.be\/IcKnK0Ukctg<\/p>\n<p>R.H.<\/p>\n","protected":false},"excerpt":{"rendered":"<p>Zehrat el Medain (Kentlerin \u00c7i\u00e7e\u011fi) Hay\u0131r Cemiyeti d\u00fcn Suriye topraklar\u0131n\u0131 ter\u00f6re kar\u015f\u0131 savunurken hayat\u0131n\u0131 kaybeden Filistinli \u015fehitler ve anneleri onuruna bir t\u00f6ren d\u00fczenledi. T\u00f6rende \u201cMemleketimde \u00d6zg\u00fcrl\u00fck Yolundaki Kad\u0131nlar\u201d ba\u015fl\u0131\u011f\u0131 alt\u0131da a\u00e7\u0131lan sergide Filistin \u0130ntifadas\u0131n\u0131 sembolize eden resimler sergilenirken di\u011fer bir sergide de el i\u015fi \u00fcr\u00fcnleri sergilendi https:\/\/youtu.be\/IcKnK0Ukctg R.H.<\/p>\n","protected":false},"author":1,"featured_media":73288,"comment_status":"closed","ping_status":"closed","sticky":false,"template":"","format":"standard","meta":{"footnotes":""},"categories":[18295],"tags":[21204],"class_list":["post-73290","post","type-post","status-publish","format-standard","has-post-thumbnail","","category-sana-video","tag-sehit-anneleri-onuruna-toren-duzenlendi"],"_links":{"self":[{"href":"https:\/\/archive.sana.sy\/tr\/index.php?rest_route=\/wp\/v2\/posts\/73290","targetHints":{"allow":["GET"]}}],"collection":[{"href":"https:\/\/archive.sana.sy\/tr\/index.php?rest_route=\/wp\/v2\/posts"}],"about":[{"href":"https:\/\/archive.sana.sy\/tr\/index.php?rest_route=\/wp\/v2\/types\/post"}],"author":[{"embeddable":true,"href":"https:\/\/archive.sana.sy\/tr\/index.php?rest_route=\/wp\/v2\/users\/1"}],"replies":[{"embeddable":true,"href":"https:\/\/archive.sana.sy\/tr\/index.php?rest_route=%2Fwp%2Fv2%2Fcomments&post=73290"}],"version-history":[{"count":0,"href":"https:\/\/archive.sana.sy\/tr\/index.php?rest_route=\/wp\/v2\/posts\/73290\/revisions"}],"wp:featuredmedia":[{"embeddable":true,"href":"https:\/\/archive.sana.sy\/tr\/index.php?rest_route=\/wp\/v2\/media\/73288"}],"wp:attachment":[{"href":"https:\/\/archive.sana.sy\/tr\/index.php?rest_route=%2Fwp%2Fv2%2Fmedia&parent=73290"}],"wp:term":[{"taxonomy":"category","embeddable":true,"href":"https:\/\/archive.sana.sy\/tr\/index.php?rest_route=%2Fwp%2Fv2%2Fcategories&post=73290"},{"taxonomy":"post_tag","embeddable":true,"href":"https:\/\/archive.sana.sy\/tr\/index.php?rest_route=%2Fwp%2Fv2%2Ftags&post=73290"}],"curies":[{"name":"wp","href":"https:\/\/api.w.org\/{rel}","templated":true}]}}