{"id":73298,"date":"2016-05-18T08:10:08","date_gmt":"2016-05-18T05:10:08","guid":{"rendered":"http:\/\/www.sana.sy\/tr\/?p=73298"},"modified":"2016-05-18T13:37:33","modified_gmt":"2016-05-18T10:37:33","slug":"askeri-kaynak-sanaya-aciklamasinda-hava-guclerimizin-homs-kirsalinin-dogusu-sair-ve-cezl-petrol-ve-dogalgaz-sahalari-civarlarinda-iside-ait-2-zirhli-aracin-yani-sira-agir-silahlarla","status":"publish","type":"post","link":"https:\/\/archive.sana.sy\/tr\/?p=73298","title":{"rendered":"Askeri kaynak SANA\u2019ya a\u00e7\u0131klamas\u0131nda hava g\u00fc\u00e7lerimizin Homs k\u0131rsal\u0131n\u0131n do\u011fusu \u015eair ve Cezl petrol ve do\u011falgaz sahalar\u0131 civarlar\u0131nda I\u015e\u0130D\u2019e ait 2 z\u0131rhl\u0131 arac\u0131n yan\u0131 s\u0131ra a\u011f\u0131r silahlarla donat\u0131lm\u0131\u015f bir\u00e7ok arac\u0131n\u0131 ter\u00f6rist ekipleriyle birlikte imha ettiklerini aktard\u0131"},"content":{"rendered":"<p>Askeri kaynak SANA\u2019ya a\u00e7\u0131klamas\u0131nda hava g\u00fc\u00e7lerimizin Homs k\u0131rsal\u0131n\u0131n do\u011fusu \u015eair ve Cezl petrol ve do\u011falgaz sahalar\u0131 civarlar\u0131nda I\u015e\u0130D\u2019e ait 2 z\u0131rhl\u0131 arac\u0131n yan\u0131 s\u0131ra a\u011f\u0131r silahlarla donat\u0131lm\u0131\u015f bir\u00e7ok arac\u0131n\u0131 ter\u00f6rist ekipleriyle birlikte imha ettiklerini aktard\u0131<\/p>\n","protected":false},"excerpt":{"rendered":"<p>Askeri kaynak SANA\u2019ya a\u00e7\u0131klamas\u0131nda hava g\u00fc\u00e7lerimizin Homs k\u0131rsal\u0131n\u0131n do\u011fusu \u015eair ve Cezl petrol ve do\u011falgaz sahalar\u0131 civarlar\u0131nda I\u015e\u0130D\u2019e ait 2 z\u0131rhl\u0131 arac\u0131n yan\u0131 s\u0131ra a\u011f\u0131r silahlarla donat\u0131lm\u0131\u015f bir\u00e7ok arac\u0131n\u0131 ter\u00f6rist ekipleriyle birlikte imha ettiklerini aktard\u0131<\/p>\n","protected":false},"author":1,"featured_media":0,"comment_status":"closed","ping_status":"closed","sticky":false,"template":"","format":"standard","meta":{"footnotes":""},"categories":[17991],"tags":[],"class_list":["post-73298","post","type-post","status-publish","format-standard","","category-son-dakika"],"_links":{"self":[{"href":"https:\/\/archive.sana.sy\/tr\/index.php?rest_route=\/wp\/v2\/posts\/73298","targetHints":{"allow":["GET"]}}],"collection":[{"href":"https:\/\/archive.sana.sy\/tr\/index.php?rest_route=\/wp\/v2\/posts"}],"about":[{"href":"https:\/\/archive.sana.sy\/tr\/index.php?rest_route=\/wp\/v2\/types\/post"}],"author":[{"embeddable":true,"href":"https:\/\/archive.sana.sy\/tr\/index.php?rest_route=\/wp\/v2\/users\/1"}],"replies":[{"embeddable":true,"href":"https:\/\/archive.sana.sy\/tr\/index.php?rest_route=%2Fwp%2Fv2%2Fcomments&post=73298"}],"version-history":[{"count":0,"href":"https:\/\/archive.sana.sy\/tr\/index.php?rest_route=\/wp\/v2\/posts\/73298\/revisions"}],"wp:attachment":[{"href":"https:\/\/archive.sana.sy\/tr\/index.php?rest_route=%2Fwp%2Fv2%2Fmedia&parent=73298"}],"wp:term":[{"taxonomy":"category","embeddable":true,"href":"https:\/\/archive.sana.sy\/tr\/index.php?rest_route=%2Fwp%2Fv2%2Fcategories&post=73298"},{"taxonomy":"post_tag","embeddable":true,"href":"https:\/\/archive.sana.sy\/tr\/index.php?rest_route=%2Fwp%2Fv2%2Ftags&post=73298"}],"curies":[{"name":"wp","href":"https:\/\/api.w.org\/{rel}","templated":true}]}}