{"id":73306,"date":"2016-05-18T11:35:43","date_gmt":"2016-05-18T08:35:43","guid":{"rendered":"http:\/\/www.sana.sy\/tr\/?p=73306"},"modified":"2016-05-19T11:34:13","modified_gmt":"2016-05-19T08:34:13","slug":"gelisiguzel-saldirilarda-yine-sehit-ve-yaralilar-var-2","status":"publish","type":"post","link":"https:\/\/archive.sana.sy\/tr\/?p=73306","title":{"rendered":"Geli\u015fig\u00fczel Sald\u0131r\u0131larda Yine \u015eehit ve Yaral\u0131lar Var"},"content":{"rendered":"<p>HALEP \u2013 Erdo\u011fan rejimine tabi \u00e7okuluslu tekfirci ter\u00f6ristlerin \u00e7at\u0131\u015fmalar\u0131 durdurma anla\u015fmas\u0131na ihlalleri ve sivil yerle\u015fim alanlar\u0131na geli\u015fig\u00fczel sald\u0131r\u0131lar\u0131nda bug\u00fcn yine \u015fehit ve yaral\u0131lar var.<\/p>\n<p>Halep k\u0131rsal\u0131n\u0131n kuzeyinde yerel kaynaklar SANA ile telefon ba\u011flant\u0131s\u0131nda Erdo\u011fan rejimine tabi ter\u00f6ristlerin Afrin B\u00f6lgesine d\u00fc\u015fen Cendiyres Beldesine f\u00fczelerle sald\u0131rd\u0131klar\u0131n\u0131 aktard\u0131. Kaynaklar sald\u0131r\u0131larda bir\u00e7ok vatanda\u015f\u0131n yaral\u0131 d\u00fc\u015ft\u00fcklerini ifade ederken, \u00f6zel m\u00fclklerde de b\u00fcy\u00fck hasarlar\u0131n olu\u015ftu\u011funu s\u00f6zlerine ekledi.<\/p>\n<p>Halep k\u0131rsal\u0131n\u0131n do\u011fusunda ise I\u015e\u0130D tekfircilerinin Ayn Arap Kentinin bat\u0131s\u0131na d\u00fc\u015fen Tel Aber K\u00f6y\u00fcn\u00fc f\u00fczelerle hedef almalar\u0131 sonucunda bir vatanda\u015f \u015fehit, bir vatanda\u015f da yaral\u0131 d\u00fc\u015ft\u00fc.<\/p>\n<p>SANA Muhabiri Erdo\u011fan rejimine tabi \u00e7okuluslu tekfirci ter\u00f6ristlerin ak\u015fam saatlerinde Halep Kentinin sivil yerle\u015fim alanlar\u0131ndan Hamadaniye Semtine geli\u015fig\u00fczel f\u00fcze sald\u0131r\u0131lar\u0131nda bulunmalar\u0131 sonucunda 3 vatanda\u015f\u0131n \u015fehit, 4 vatanda\u015f\u0131n da yaral\u0131 d\u00fc\u015ft\u00fc\u011f\u00fcn\u00fc belirtti<\/p>\n","protected":false},"excerpt":{"rendered":"<p>HALEP \u2013 Erdo\u011fan rejimine tabi \u00e7okuluslu tekfirci ter\u00f6ristlerin \u00e7at\u0131\u015fmalar\u0131 durdurma anla\u015fmas\u0131na ihlalleri ve sivil yerle\u015fim alanlar\u0131na geli\u015fig\u00fczel sald\u0131r\u0131lar\u0131nda bug\u00fcn yine \u015fehit ve yaral\u0131lar var. Halep k\u0131rsal\u0131n\u0131n kuzeyinde yerel kaynaklar SANA ile telefon ba\u011flant\u0131s\u0131nda Erdo\u011fan rejimine tabi ter\u00f6ristlerin Afrin B\u00f6lgesine d\u00fc\u015fen Cendiyres Beldesine f\u00fczelerle sald\u0131rd\u0131klar\u0131n\u0131 aktard\u0131. Kaynaklar sald\u0131r\u0131larda bir\u00e7ok vatanda\u015f\u0131n yaral\u0131 d\u00fc\u015ft\u00fcklerini ifade ederken, \u00f6zel m\u00fclklerde &hellip;<\/p>\n","protected":false},"author":1,"featured_media":70986,"comment_status":"closed","ping_status":"closed","sticky":false,"template":"","format":"standard","meta":{"footnotes":""},"categories":[575,17988],"tags":[18237,18066,17606,18344,5010,18674,20426],"class_list":["post-73306","post","type-post","status-publish","format-standard","has-post-thumbnail","","category-olaylar-ve-gercekler","category-son-haberler","tag-cihatcilar","tag-erdogan-rejimi","tag-fuze-saldirilari","tag-gelisiguzel-saldirilar","tag-havan-saldirilari","tag-silahli-muhalifler","tag-suriye-muhalifleri"],"_links":{"self":[{"href":"https:\/\/archive.sana.sy\/tr\/index.php?rest_route=\/wp\/v2\/posts\/73306","targetHints":{"allow":["GET"]}}],"collection":[{"href":"https:\/\/archive.sana.sy\/tr\/index.php?rest_route=\/wp\/v2\/posts"}],"about":[{"href":"https:\/\/archive.sana.sy\/tr\/index.php?rest_route=\/wp\/v2\/types\/post"}],"author":[{"embeddable":true,"href":"https:\/\/archive.sana.sy\/tr\/index.php?rest_route=\/wp\/v2\/users\/1"}],"replies":[{"embeddable":true,"href":"https:\/\/archive.sana.sy\/tr\/index.php?rest_route=%2Fwp%2Fv2%2Fcomments&post=73306"}],"version-history":[{"count":0,"href":"https:\/\/archive.sana.sy\/tr\/index.php?rest_route=\/wp\/v2\/posts\/73306\/revisions"}],"wp:featuredmedia":[{"embeddable":true,"href":"https:\/\/archive.sana.sy\/tr\/index.php?rest_route=\/wp\/v2\/media\/70986"}],"wp:attachment":[{"href":"https:\/\/archive.sana.sy\/tr\/index.php?rest_route=%2Fwp%2Fv2%2Fmedia&parent=73306"}],"wp:term":[{"taxonomy":"category","embeddable":true,"href":"https:\/\/archive.sana.sy\/tr\/index.php?rest_route=%2Fwp%2Fv2%2Fcategories&post=73306"},{"taxonomy":"post_tag","embeddable":true,"href":"https:\/\/archive.sana.sy\/tr\/index.php?rest_route=%2Fwp%2Fv2%2Ftags&post=73306"}],"curies":[{"name":"wp","href":"https:\/\/api.w.org\/{rel}","templated":true}]}}