{"id":73309,"date":"2016-05-18T09:53:07","date_gmt":"2016-05-18T06:53:07","guid":{"rendered":"http:\/\/www.sana.sy\/tr\/?p=73309"},"modified":"2016-05-19T11:34:33","modified_gmt":"2016-05-19T08:34:33","slug":"diktator-erdogan-hitlere-benzetildi","status":"publish","type":"post","link":"https:\/\/archive.sana.sy\/tr\/?p=73309","title":{"rendered":"Diktat\u00f6r Erdo\u011fan Hitler\u2019e Benzetildi"},"content":{"rendered":"<p>BERL\u0130N \u2013 Almanya\u2019da bir grup sanat\u00e7\u0131, Berlin\u2019deki T\u00fcrkiye B\u00fcy\u00fckel\u00e7ili\u011finin duvar\u0131nda d\u00fczenledikleri projeksiyon g\u00f6sterisinde T\u00fcrkiye&#8217;de ihvanc\u0131 rejim ba\u015fkan\u0131 Recep Tayyip Erdo\u011fan\u2019\u0131 k\u0131rm\u0131z\u0131-beyaz asker armas\u0131 ve Hitler b\u0131y\u0131\u011f\u0131 ile tasvir etti.<\/p>\n<p>\u00c7okuluslu tekfirci ter\u00f6r \u00f6rg\u00fctlerin ba\u015f destek\u00e7isi Erdo\u011fan\u2019\u0131n T\u00fcrkiye&#8217;de insan haklar\u0131 ve demokrasiyi ayaklar\u0131n\u0131n alt\u0131na almas\u0131ndan dolay\u0131 Almanya\u2019da kendisine y\u00f6nelik protesto g\u00f6sterileri devam ederken en son Alman bir grup sanat\u00e7\u0131 Berlin\u2019deki T\u00fcrkiye B\u00fcy\u00fckel\u00e7ilik \u00f6n\u00fcnde eylemdeydi.<\/p>\n<p>Erdo\u011fan ve diktat\u00f6rl\u00fc\u011f\u00fcn\u00fc k\u0131nayan sanat\u00e7\u0131lar, Alman Nazi lideri Hitler b\u0131y\u0131\u011f\u0131 takt\u0131klar\u0131 Erdo\u011fan foto\u011fraflar\u0131n\u0131n yan\u0131na \u201cO geri d\u00f6nd\u00fc\u201d yazd\u0131. Eylemci Alman sanat\u00e7\u0131lar sosyal payla\u015f\u0131m sitelerinde de diktat\u00f6r Erdo\u011fan\u2019a kar\u015f\u0131 hamle ba\u015flatarak, \u2018Biz Almanlar diktat\u00f6rlerin sonunun nas\u0131l oldu\u011funu iyi biliriz\u2019 slogan\u0131 payla\u015f\u0131ld\u0131.<\/p>\n","protected":false},"excerpt":{"rendered":"<p>BERL\u0130N \u2013 Almanya\u2019da bir grup sanat\u00e7\u0131, Berlin\u2019deki T\u00fcrkiye B\u00fcy\u00fckel\u00e7ili\u011finin duvar\u0131nda d\u00fczenledikleri projeksiyon g\u00f6sterisinde T\u00fcrkiye&#8217;de ihvanc\u0131 rejim ba\u015fkan\u0131 Recep Tayyip Erdo\u011fan\u2019\u0131 k\u0131rm\u0131z\u0131-beyaz asker armas\u0131 ve Hitler b\u0131y\u0131\u011f\u0131 ile tasvir etti. \u00c7okuluslu tekfirci ter\u00f6r \u00f6rg\u00fctlerin ba\u015f destek\u00e7isi Erdo\u011fan\u2019\u0131n T\u00fcrkiye&#8217;de insan haklar\u0131 ve demokrasiyi ayaklar\u0131n\u0131n alt\u0131na almas\u0131ndan dolay\u0131 Almanya\u2019da kendisine y\u00f6nelik protesto g\u00f6sterileri devam ederken en son Alman &hellip;<\/p>\n","protected":false},"author":1,"featured_media":73307,"comment_status":"closed","ping_status":"closed","sticky":false,"template":"","format":"standard","meta":{"footnotes":""},"categories":[458,459,17988],"tags":[21210,21211,21208,21207,21212,21213],"class_list":["post-73309","post","type-post","status-publish","format-standard","has-post-thumbnail","","category-dunya1","category-haberler-arap-uluslararasi-politika","category-son-haberler","tag-alman-sanatcilar","tag-berlin-buyukelciligi","tag-diktator-erdogan","tag-diktator-erdogan-hitlere-benzetildi","tag-erdogan-ve-hitler","tag-nazi-lideri-erdogan"],"_links":{"self":[{"href":"https:\/\/archive.sana.sy\/tr\/index.php?rest_route=\/wp\/v2\/posts\/73309","targetHints":{"allow":["GET"]}}],"collection":[{"href":"https:\/\/archive.sana.sy\/tr\/index.php?rest_route=\/wp\/v2\/posts"}],"about":[{"href":"https:\/\/archive.sana.sy\/tr\/index.php?rest_route=\/wp\/v2\/types\/post"}],"author":[{"embeddable":true,"href":"https:\/\/archive.sana.sy\/tr\/index.php?rest_route=\/wp\/v2\/users\/1"}],"replies":[{"embeddable":true,"href":"https:\/\/archive.sana.sy\/tr\/index.php?rest_route=%2Fwp%2Fv2%2Fcomments&post=73309"}],"version-history":[{"count":0,"href":"https:\/\/archive.sana.sy\/tr\/index.php?rest_route=\/wp\/v2\/posts\/73309\/revisions"}],"wp:featuredmedia":[{"embeddable":true,"href":"https:\/\/archive.sana.sy\/tr\/index.php?rest_route=\/wp\/v2\/media\/73307"}],"wp:attachment":[{"href":"https:\/\/archive.sana.sy\/tr\/index.php?rest_route=%2Fwp%2Fv2%2Fmedia&parent=73309"}],"wp:term":[{"taxonomy":"category","embeddable":true,"href":"https:\/\/archive.sana.sy\/tr\/index.php?rest_route=%2Fwp%2Fv2%2Fcategories&post=73309"},{"taxonomy":"post_tag","embeddable":true,"href":"https:\/\/archive.sana.sy\/tr\/index.php?rest_route=%2Fwp%2Fv2%2Ftags&post=73309"}],"curies":[{"name":"wp","href":"https:\/\/api.w.org\/{rel}","templated":true}]}}