{"id":73317,"date":"2016-05-18T11:03:11","date_gmt":"2016-05-18T08:03:11","guid":{"rendered":"http:\/\/www.sana.sy\/tr\/?p=73317"},"modified":"2016-05-18T15:04:29","modified_gmt":"2016-05-18T12:04:29","slug":"askeri-kaynak-deyrezzorun-serda-dagi-ve-meyadin-yolu-uzerinde-isidli-cok-sayida-tekfirciyi-arac-ve-cephaneleriyle-etkisiz-hale-getirdiklerini-belirtti","status":"publish","type":"post","link":"https:\/\/archive.sana.sy\/tr\/?p=73317","title":{"rendered":"Askeri kaynak Deyrezzor\u2019un Serda Da\u011f\u0131 ve Meyadin yolu \u00fczerinde I\u015e\u0130D\u2019li \u00e7ok say\u0131da tekfirciyi ara\u00e7 ve cephaneleriyle etkisiz hale getirdiklerini belirtti"},"content":{"rendered":"<p>Askeri kaynak Deyrezzor\u2019un Serda Da\u011f\u0131 ve Meyadin yolu \u00fczerinde I\u015e\u0130D\u2019li \u00e7ok say\u0131da tekfirciyi ara\u00e7 ve cephaneleriyle etkisiz hale getirdiklerini belirtti<\/p>\n","protected":false},"excerpt":{"rendered":"<p>Askeri kaynak Deyrezzor\u2019un Serda Da\u011f\u0131 ve Meyadin yolu \u00fczerinde I\u015e\u0130D\u2019li \u00e7ok say\u0131da tekfirciyi ara\u00e7 ve cephaneleriyle etkisiz hale getirdiklerini belirtti<\/p>\n","protected":false},"author":1,"featured_media":0,"comment_status":"closed","ping_status":"closed","sticky":false,"template":"","format":"standard","meta":{"footnotes":""},"categories":[17991],"tags":[],"class_list":["post-73317","post","type-post","status-publish","format-standard","","category-son-dakika"],"_links":{"self":[{"href":"https:\/\/archive.sana.sy\/tr\/index.php?rest_route=\/wp\/v2\/posts\/73317","targetHints":{"allow":["GET"]}}],"collection":[{"href":"https:\/\/archive.sana.sy\/tr\/index.php?rest_route=\/wp\/v2\/posts"}],"about":[{"href":"https:\/\/archive.sana.sy\/tr\/index.php?rest_route=\/wp\/v2\/types\/post"}],"author":[{"embeddable":true,"href":"https:\/\/archive.sana.sy\/tr\/index.php?rest_route=\/wp\/v2\/users\/1"}],"replies":[{"embeddable":true,"href":"https:\/\/archive.sana.sy\/tr\/index.php?rest_route=%2Fwp%2Fv2%2Fcomments&post=73317"}],"version-history":[{"count":0,"href":"https:\/\/archive.sana.sy\/tr\/index.php?rest_route=\/wp\/v2\/posts\/73317\/revisions"}],"wp:attachment":[{"href":"https:\/\/archive.sana.sy\/tr\/index.php?rest_route=%2Fwp%2Fv2%2Fmedia&parent=73317"}],"wp:term":[{"taxonomy":"category","embeddable":true,"href":"https:\/\/archive.sana.sy\/tr\/index.php?rest_route=%2Fwp%2Fv2%2Fcategories&post=73317"},{"taxonomy":"post_tag","embeddable":true,"href":"https:\/\/archive.sana.sy\/tr\/index.php?rest_route=%2Fwp%2Fv2%2Ftags&post=73317"}],"curies":[{"name":"wp","href":"https:\/\/api.w.org\/{rel}","templated":true}]}}