{"id":73319,"date":"2016-05-18T11:08:44","date_gmt":"2016-05-18T08:08:44","guid":{"rendered":"http:\/\/www.sana.sy\/tr\/?p=73319"},"modified":"2016-05-18T15:06:02","modified_gmt":"2016-05-18T12:06:02","slug":"tekfirci-teroristler-medya-araclarinda-isidin-sozde-guvenlik-komutani-cemal-osman-ve-daha-baska-tehlikeli-isimlerin-aralarinda-bulundugu-onlarca-teroristin-oldugunu-itiraf-etti","status":"publish","type":"post","link":"https:\/\/archive.sana.sy\/tr\/?p=73319","title":{"rendered":"Tekfirci ter\u00f6ristler medya ara\u00e7lar\u0131nda I\u015e\u0130D\u2019in s\u00f6zde g\u00fcvenlik komutan\u0131 Cemal Osman ve daha ba\u015fka tehlikeli isimlerin aralar\u0131nda bulundu\u011fu onlarca ter\u00f6ristin \u00f6ld\u00fc\u011f\u00fcn\u00fc itiraf etti"},"content":{"rendered":"<p>Tekfirci ter\u00f6ristler medya ara\u00e7lar\u0131nda I\u015e\u0130D\u2019in s\u00f6zde g\u00fcvenlik komutan\u0131 Cemal Osman ve daha ba\u015fka tehlikeli isimlerin aralar\u0131nda bulundu\u011fu onlarca ter\u00f6ristin \u00f6ld\u00fc\u011f\u00fcn\u00fc itiraf etti<\/p>\n","protected":false},"excerpt":{"rendered":"<p>Tekfirci ter\u00f6ristler medya ara\u00e7lar\u0131nda I\u015e\u0130D\u2019in s\u00f6zde g\u00fcvenlik komutan\u0131 Cemal Osman ve daha ba\u015fka tehlikeli isimlerin aralar\u0131nda bulundu\u011fu onlarca ter\u00f6ristin \u00f6ld\u00fc\u011f\u00fcn\u00fc itiraf etti<\/p>\n","protected":false},"author":1,"featured_media":0,"comment_status":"closed","ping_status":"closed","sticky":false,"template":"","format":"standard","meta":{"footnotes":""},"categories":[17991],"tags":[],"class_list":["post-73319","post","type-post","status-publish","format-standard","","category-son-dakika"],"_links":{"self":[{"href":"https:\/\/archive.sana.sy\/tr\/index.php?rest_route=\/wp\/v2\/posts\/73319","targetHints":{"allow":["GET"]}}],"collection":[{"href":"https:\/\/archive.sana.sy\/tr\/index.php?rest_route=\/wp\/v2\/posts"}],"about":[{"href":"https:\/\/archive.sana.sy\/tr\/index.php?rest_route=\/wp\/v2\/types\/post"}],"author":[{"embeddable":true,"href":"https:\/\/archive.sana.sy\/tr\/index.php?rest_route=\/wp\/v2\/users\/1"}],"replies":[{"embeddable":true,"href":"https:\/\/archive.sana.sy\/tr\/index.php?rest_route=%2Fwp%2Fv2%2Fcomments&post=73319"}],"version-history":[{"count":0,"href":"https:\/\/archive.sana.sy\/tr\/index.php?rest_route=\/wp\/v2\/posts\/73319\/revisions"}],"wp:attachment":[{"href":"https:\/\/archive.sana.sy\/tr\/index.php?rest_route=%2Fwp%2Fv2%2Fmedia&parent=73319"}],"wp:term":[{"taxonomy":"category","embeddable":true,"href":"https:\/\/archive.sana.sy\/tr\/index.php?rest_route=%2Fwp%2Fv2%2Fcategories&post=73319"},{"taxonomy":"post_tag","embeddable":true,"href":"https:\/\/archive.sana.sy\/tr\/index.php?rest_route=%2Fwp%2Fv2%2Ftags&post=73319"}],"curies":[{"name":"wp","href":"https:\/\/api.w.org\/{rel}","templated":true}]}}