{"id":73324,"date":"2016-05-18T12:29:36","date_gmt":"2016-05-18T09:29:36","guid":{"rendered":"http:\/\/www.sana.sy\/tr\/?p=73324"},"modified":"2016-05-18T15:29:55","modified_gmt":"2016-05-18T12:29:55","slug":"basbakan-yardimcisi-disisleri-ve-gurbetciler-bakani-velid-el-muallim-bugun-guney-afrika-uluslararasi-iliskiler-ve-isbirligi-bakani-yardimcisi-nomaindia-mfeketo-ve-ona-eslik-eden-heyeti-kabul-etti","status":"publish","type":"post","link":"https:\/\/archive.sana.sy\/tr\/?p=73324","title":{"rendered":"Ba\u015fbakan Yard\u0131mc\u0131s\u0131 D\u0131\u015fi\u015fleri ve Gurbet\u00e7iler Bakan\u0131  Velid el Muallim bug\u00fcn G\u00fcney Afrika Uluslararas\u0131 \u0130li\u015fkiler ve \u0130\u015fbirli\u011fi Bakan\u0131 Yard\u0131mc\u0131s\u0131 Nomaindia Mfeketo ve ona e\u015flik eden heyeti kabul etti"},"content":{"rendered":"<p>Ba\u015fbakan Yard\u0131mc\u0131s\u0131 D\u0131\u015fi\u015fleri ve Gurbet\u00e7iler Bakan\u0131 \u00a0Velid el Muallim bug\u00fcn G\u00fcney Afrika Uluslararas\u0131 \u0130li\u015fkiler ve \u0130\u015fbirli\u011fi Bakan\u0131 Yard\u0131mc\u0131s\u0131 Nomaindia Mfeketo ve ona e\u015flik eden heyeti kabul etti<\/p>\n","protected":false},"excerpt":{"rendered":"<p>Ba\u015fbakan Yard\u0131mc\u0131s\u0131 D\u0131\u015fi\u015fleri ve Gurbet\u00e7iler Bakan\u0131 \u00a0Velid el Muallim bug\u00fcn G\u00fcney Afrika Uluslararas\u0131 \u0130li\u015fkiler ve \u0130\u015fbirli\u011fi Bakan\u0131 Yard\u0131mc\u0131s\u0131 Nomaindia Mfeketo ve ona e\u015flik eden heyeti kabul etti<\/p>\n","protected":false},"author":1,"featured_media":0,"comment_status":"closed","ping_status":"closed","sticky":false,"template":"","format":"standard","meta":{"footnotes":""},"categories":[17991],"tags":[],"class_list":["post-73324","post","type-post","status-publish","format-standard","","category-son-dakika"],"_links":{"self":[{"href":"https:\/\/archive.sana.sy\/tr\/index.php?rest_route=\/wp\/v2\/posts\/73324","targetHints":{"allow":["GET"]}}],"collection":[{"href":"https:\/\/archive.sana.sy\/tr\/index.php?rest_route=\/wp\/v2\/posts"}],"about":[{"href":"https:\/\/archive.sana.sy\/tr\/index.php?rest_route=\/wp\/v2\/types\/post"}],"author":[{"embeddable":true,"href":"https:\/\/archive.sana.sy\/tr\/index.php?rest_route=\/wp\/v2\/users\/1"}],"replies":[{"embeddable":true,"href":"https:\/\/archive.sana.sy\/tr\/index.php?rest_route=%2Fwp%2Fv2%2Fcomments&post=73324"}],"version-history":[{"count":0,"href":"https:\/\/archive.sana.sy\/tr\/index.php?rest_route=\/wp\/v2\/posts\/73324\/revisions"}],"wp:attachment":[{"href":"https:\/\/archive.sana.sy\/tr\/index.php?rest_route=%2Fwp%2Fv2%2Fmedia&parent=73324"}],"wp:term":[{"taxonomy":"category","embeddable":true,"href":"https:\/\/archive.sana.sy\/tr\/index.php?rest_route=%2Fwp%2Fv2%2Fcategories&post=73324"},{"taxonomy":"post_tag","embeddable":true,"href":"https:\/\/archive.sana.sy\/tr\/index.php?rest_route=%2Fwp%2Fv2%2Ftags&post=73324"}],"curies":[{"name":"wp","href":"https:\/\/api.w.org\/{rel}","templated":true}]}}