{"id":73333,"date":"2016-05-18T14:00:47","date_gmt":"2016-05-18T11:00:47","guid":{"rendered":"http:\/\/sana.sy\/tr\/?p=73333"},"modified":"2016-05-19T11:34:06","modified_gmt":"2016-05-19T08:34:06","slug":"teroru-destekleyen-devletlerin-bagli-olmadiklari-kanunlara-baglidir","status":"publish","type":"post","link":"https:\/\/archive.sana.sy\/tr\/?p=73333","title":{"rendered":"Ter\u00f6r\u00fc Destekleyen Devletlerin Ba\u011fl\u0131 Olmad\u0131klar\u0131 Kanunlara Ba\u011fl\u0131d\u0131r"},"content":{"rendered":"<p>\u015eAM \u2013 D\u0131\u015fi\u015fleri ve Gurbet\u00e7iler Bakan\u0131 Yard\u0131mc\u0131s\u0131 Faysal Mikdat Moritanya\u2019da Refah Partisi Ba\u015fkan\u0131 Muhammed Veld Fal ile g\u00f6r\u00fc\u015fmesinde, karde\u015f Moritanya ve halk\u0131n\u0131n sahip oldu\u011fu milli sorumlulu\u011fun takdire \u015fayan oldu\u011funu ifade etti.<\/p>\n<p>Mikdat Moritanya\u2019n\u0131n t\u00fcm d\u0131\u015f bask\u0131lara ra\u011fmen Suriye&#8217;den yana tutumlar\u0131n\u0131 de\u011fi\u015ftirmemesini \u00f6vd\u00fc.<\/p>\n<p><a href=\"http:\/\/sana.sy\/tr\/wp-content\/uploads\/2016\/05\/Mikdat-11.jpg\"><img loading=\"lazy\" decoding=\"async\" class=\"alignright wp-image-73336 size-medium\" src=\"http:\/\/sana.sy\/tr\/wp-content\/uploads\/2016\/05\/Mikdat-11-300x196.jpg\" alt=\"Mikdat 11\" width=\"300\" height=\"196\" srcset=\"https:\/\/archive.sana.sy\/tr\/wp-content\/uploads\/2016\/05\/Mikdat-11-300x196.jpg 300w, https:\/\/archive.sana.sy\/tr\/wp-content\/uploads\/2016\/05\/Mikdat-11-150x98.jpg 150w, https:\/\/archive.sana.sy\/tr\/wp-content\/uploads\/2016\/05\/Mikdat-11-768x502.jpg 768w, https:\/\/archive.sana.sy\/tr\/wp-content\/uploads\/2016\/05\/Mikdat-11-1024x670.jpg 1024w\" sizes=\"auto, (max-width: 300px) 100vw, 300px\" \/><\/a>Suriye&#8217;nin, savunmas\u0131z sivil halk\u0131 vah\u015fice katleden, altyap\u0131 ve hizmet kurumlar\u0131n\u0131 kas\u0131tl\u0131 ve sistematik bir \u015fekilde sabote eden tekfirci ter\u00f6r\u00fc destekleyen devletlerin ihlal ettikleri uluslar aras\u0131 kanun ve insan haklar\u0131na ba\u011fl\u0131 oldu\u011funu belirten Mikdat; I\u015e\u0130D ve Nusra Cephesinden t\u00fcreyen ter\u00f6r \u00f6rg\u00fctlerin uluslar aras\u0131 ter\u00f6r \u00f6rg\u00fctleri listesine al\u0131nmalar\u0131 \u00e7a\u011fr\u0131s\u0131nda bulundu.<\/p>\n<p>Veld Fal Moritanya\u2019n\u0131n t\u00fcm bask\u0131lara ra\u011fmen ba\u015ftan beri Suriye&#8217;den yana bir tutum ald\u0131\u011f\u0131n\u0131 ifade ederken, Suriye ve halk\u0131n\u0131n evrensel zalim bir sava\u015fa maruz kald\u0131klar\u0131n\u0131 s\u00f6yledi.<\/p>\n","protected":false},"excerpt":{"rendered":"<p>\u015eAM \u2013 D\u0131\u015fi\u015fleri ve Gurbet\u00e7iler Bakan\u0131 Yard\u0131mc\u0131s\u0131 Faysal Mikdat Moritanya\u2019da Refah Partisi Ba\u015fkan\u0131 Muhammed Veld Fal ile g\u00f6r\u00fc\u015fmesinde, karde\u015f Moritanya ve halk\u0131n\u0131n sahip oldu\u011fu milli sorumlulu\u011fun takdire \u015fayan oldu\u011funu ifade etti. Mikdat Moritanya\u2019n\u0131n t\u00fcm d\u0131\u015f bask\u0131lara ra\u011fmen Suriye&#8217;den yana tutumlar\u0131n\u0131 de\u011fi\u015ftirmemesini \u00f6vd\u00fc. Suriye&#8217;nin, savunmas\u0131z sivil halk\u0131 vah\u015fice katleden, altyap\u0131 ve hizmet kurumlar\u0131n\u0131 kas\u0131tl\u0131 ve sistematik &hellip;<\/p>\n","protected":false},"author":1,"featured_media":73337,"comment_status":"closed","ping_status":"closed","sticky":false,"template":"","format":"standard","meta":{"footnotes":""},"categories":[479,17988,478],"tags":[],"class_list":["post-73333","post","type-post","status-publish","format-standard","has-post-thumbnail","","category-haberler-yerel","category-son-haberler","category-yerel"],"_links":{"self":[{"href":"https:\/\/archive.sana.sy\/tr\/index.php?rest_route=\/wp\/v2\/posts\/73333","targetHints":{"allow":["GET"]}}],"collection":[{"href":"https:\/\/archive.sana.sy\/tr\/index.php?rest_route=\/wp\/v2\/posts"}],"about":[{"href":"https:\/\/archive.sana.sy\/tr\/index.php?rest_route=\/wp\/v2\/types\/post"}],"author":[{"embeddable":true,"href":"https:\/\/archive.sana.sy\/tr\/index.php?rest_route=\/wp\/v2\/users\/1"}],"replies":[{"embeddable":true,"href":"https:\/\/archive.sana.sy\/tr\/index.php?rest_route=%2Fwp%2Fv2%2Fcomments&post=73333"}],"version-history":[{"count":0,"href":"https:\/\/archive.sana.sy\/tr\/index.php?rest_route=\/wp\/v2\/posts\/73333\/revisions"}],"wp:featuredmedia":[{"embeddable":true,"href":"https:\/\/archive.sana.sy\/tr\/index.php?rest_route=\/wp\/v2\/media\/73337"}],"wp:attachment":[{"href":"https:\/\/archive.sana.sy\/tr\/index.php?rest_route=%2Fwp%2Fv2%2Fmedia&parent=73333"}],"wp:term":[{"taxonomy":"category","embeddable":true,"href":"https:\/\/archive.sana.sy\/tr\/index.php?rest_route=%2Fwp%2Fv2%2Fcategories&post=73333"},{"taxonomy":"post_tag","embeddable":true,"href":"https:\/\/archive.sana.sy\/tr\/index.php?rest_route=%2Fwp%2Fv2%2Ftags&post=73333"}],"curies":[{"name":"wp","href":"https:\/\/api.w.org\/{rel}","templated":true}]}}