{"id":73351,"date":"2016-05-18T16:38:43","date_gmt":"2016-05-18T13:38:43","guid":{"rendered":"http:\/\/sana.sy\/tr\/?p=73351"},"modified":"2016-05-19T13:11:41","modified_gmt":"2016-05-19T10:11:41","slug":"nusra-ve-isid-cetelerine-yonelik-operasyonlar-basariyla-suruyor","status":"publish","type":"post","link":"https:\/\/archive.sana.sy\/tr\/?p=73351","title":{"rendered":"Nusra ve I\u015e\u0130D \u00c7etelerine Y\u00f6nelik Operasyonlar Ba\u015far\u0131yla S\u00fcr\u00fcyor"},"content":{"rendered":"<p>\u0130LLER \u2013 \u00d6zellikle Erdo\u011fan ve Al Suud rejimleriyle birlikte \u0130srail ba\u015fta olmak \u00fczere kimi devletlerin destekledikleri \u00e7okuluslu tekfirci ter\u00f6re kar\u015f\u0131 devam eden operasyonlar\u0131nda ordu birliklerimiz bug\u00fcn bu tekfircileri ara\u00e7, cephane ve eleba\u015flar\u0131yla birlikte etkisizle\u015ftirdi.<\/p>\n<p><span style=\"color: #0000ff\">HOMS:<\/span><\/p>\n<p>Askeri kaynak SANA\u2019ya a\u00e7\u0131klamas\u0131nda hava g\u00fc\u00e7lerimizin Homs k\u0131rsal\u0131n\u0131n do\u011fusu \u015eair ve Cezl Petrol ve Do\u011falgaz Sahalar\u0131 civarlar\u0131nda I\u015e\u0130D\u2019e ait 2 z\u0131rhl\u0131 arac\u0131n yan\u0131 s\u0131ra a\u011f\u0131r silahlarla donat\u0131lm\u0131\u015f bir\u00e7ok arac\u0131n\u0131 ter\u00f6rist ekipleriyle birlikte imha ettiklerini ifade etti.<\/p>\n<p><span style=\"color: #0000ff\">DEYREZZOR:<\/span><\/p>\n<p>Bu arada saha kaynaklar\u0131 SANA\u2019ya a\u00e7\u0131klamalar\u0131nda ordu birliklerimizin Deyrezzor Kentinin g\u00fcneybat\u0131 kenarlar\u0131 Panorama civar\u0131ndaki \u00e7iftliklere s\u0131zan I\u015e\u0130D\u2019li 20\u2019den fazla ter\u00f6risti \u00f6ld\u00fcrd\u00fcklerini belirtirken, sa\u011f kalan tekfircilerin arkalar\u0131nda arkada\u015flar\u0131n\u0131n cesetlerini ve silahlar\u0131n\u0131 b\u0131rakarak ka\u00e7t\u0131klar\u0131n\u0131 aktard\u0131.<\/p>\n<p>Deyrezzor\u2019un Serda Da\u011f\u0131 ve Meyadin yolu \u00fczerinde ise ordu birliklerimizin I\u015e\u0130D\u2019in toplanma yerleri ve merkezlerini yo\u011fun ate\u015fe tutuklar\u0131n\u0131 belirten kaynaklar; I\u015e\u0130D\u2019li \u00e7ok say\u0131da tekfirciyi ara\u00e7 ve cephaneleriyle etkisiz hale getirdiklerine dikkat \u00e7ekti.<\/p>\n<p>Tekfirci ter\u00f6ristler medya ara\u00e7lar\u0131nda I\u015e\u0130D\u2019in s\u00f6zde g\u00fcvenlik komutan\u0131 Cemal Osman ve daha ba\u015fka tehlikeli isimlerin aralar\u0131nda bulundu\u011fu onlarca ter\u00f6ristin \u00f6ld\u00fc\u011f\u00fcn\u00fc itiraf etti.<\/p>\n<p><span style=\"color: #0000ff\">DERA:<\/span><\/p>\n<p>SANA\u2019ya a\u00e7\u0131klamas\u0131nda askeri bir kaynak ordu birliklerimizin Dera k\u0131rsal\u0131n\u0131n do\u011fusu Nuayme Beldesinde \u0130srail\u2019in destek ve komutas\u0131nda ter\u00f6r estiren Kaide \u00d6rg\u00fct\u00fcn\u00fcn Suriye kolu Nusra Cephesine tabi 15 ter\u00f6risti ekipmanlar\u0131yla birlikte etkisiz hale getirdiklerini belirtti.<\/p>\n<p>Dera Beled\u2019te de ordu birliklerimizin ter\u00f6ristlerin siper ve komuta karargahlar\u0131na y\u00f6nelik nitelikli operasyonlar ger\u00e7ekle\u015ftirdiklerini s\u00f6yleyen kaynak; buralarda da yine \u00e7ok say\u0131da ter\u00f6risti \u00f6l\u00fc ve yaral\u0131 d\u00fc\u015f\u00fcr\u00fcp cephane ve bir havan rampas\u0131n\u0131 ekibiyle birlikte tamamen ok ettiklerini aktard\u0131.<\/p>\n<p><span style=\"color: #0000ff\">S\u00dcVEYDA:<\/span><\/p>\n<p>\u00d6te yandan S\u00fcveyda k\u0131rsal\u0131n\u0131n kuzeydo\u011fusu Hurbet Saad B\u00f6lgesinin g\u00fcneyinde I\u015e\u0130D\u2019in toplanma yerini hedef alan ordu birliklerimiz; tekfircileri say\u0131 ve te\u00e7hizatlar\u0131yla birlikte a\u011f\u0131r kay\u0131plara u\u011fratt\u0131.<\/p>\n","protected":false},"excerpt":{"rendered":"<p>\u0130LLER \u2013 \u00d6zellikle Erdo\u011fan ve Al Suud rejimleriyle birlikte \u0130srail ba\u015fta olmak \u00fczere kimi devletlerin destekledikleri \u00e7okuluslu tekfirci ter\u00f6re kar\u015f\u0131 devam eden operasyonlar\u0131nda ordu birliklerimiz bug\u00fcn bu tekfircileri ara\u00e7, cephane ve eleba\u015flar\u0131yla birlikte etkisizle\u015ftirdi. HOMS: Askeri kaynak SANA\u2019ya a\u00e7\u0131klamas\u0131nda hava g\u00fc\u00e7lerimizin Homs k\u0131rsal\u0131n\u0131n do\u011fusu \u015eair ve Cezl Petrol ve Do\u011falgaz Sahalar\u0131 civarlar\u0131nda I\u015e\u0130D\u2019e ait 2 &hellip;<\/p>\n","protected":false},"author":1,"featured_media":73352,"comment_status":"closed","ping_status":"closed","sticky":false,"template":"","format":"standard","meta":{"footnotes":""},"categories":[575],"tags":[],"class_list":["post-73351","post","type-post","status-publish","format-standard","has-post-thumbnail","","category-olaylar-ve-gercekler"],"_links":{"self":[{"href":"https:\/\/archive.sana.sy\/tr\/index.php?rest_route=\/wp\/v2\/posts\/73351","targetHints":{"allow":["GET"]}}],"collection":[{"href":"https:\/\/archive.sana.sy\/tr\/index.php?rest_route=\/wp\/v2\/posts"}],"about":[{"href":"https:\/\/archive.sana.sy\/tr\/index.php?rest_route=\/wp\/v2\/types\/post"}],"author":[{"embeddable":true,"href":"https:\/\/archive.sana.sy\/tr\/index.php?rest_route=\/wp\/v2\/users\/1"}],"replies":[{"embeddable":true,"href":"https:\/\/archive.sana.sy\/tr\/index.php?rest_route=%2Fwp%2Fv2%2Fcomments&post=73351"}],"version-history":[{"count":0,"href":"https:\/\/archive.sana.sy\/tr\/index.php?rest_route=\/wp\/v2\/posts\/73351\/revisions"}],"wp:featuredmedia":[{"embeddable":true,"href":"https:\/\/archive.sana.sy\/tr\/index.php?rest_route=\/wp\/v2\/media\/73352"}],"wp:attachment":[{"href":"https:\/\/archive.sana.sy\/tr\/index.php?rest_route=%2Fwp%2Fv2%2Fmedia&parent=73351"}],"wp:term":[{"taxonomy":"category","embeddable":true,"href":"https:\/\/archive.sana.sy\/tr\/index.php?rest_route=%2Fwp%2Fv2%2Fcategories&post=73351"},{"taxonomy":"post_tag","embeddable":true,"href":"https:\/\/archive.sana.sy\/tr\/index.php?rest_route=%2Fwp%2Fv2%2Ftags&post=73351"}],"curies":[{"name":"wp","href":"https:\/\/api.w.org\/{rel}","templated":true}]}}