{"id":7336,"date":"2014-08-14T21:46:23","date_gmt":"2014-08-14T18:46:23","guid":{"rendered":"http:\/\/www.sana.sy\/tr\/?p=7336"},"modified":"2014-08-14T21:46:33","modified_gmt":"2014-08-14T18:46:33","slug":"teror-insanlarin-yasamini-imkansizlastirmaya-calisiyor","status":"publish","type":"post","link":"https:\/\/archive.sana.sy\/tr\/?p=7336","title":{"rendered":"Ter\u00f6r \u0130nsanlar\u0131n Ya\u015fam\u0131n\u0131 \u0130mkans\u0131zla\u015ft\u0131rmaya \u00c7al\u0131\u015f\u0131yor"},"content":{"rendered":"<p>DERA \u2013 Silahl\u0131 ter\u00f6r gruplar\u0131; halk\u0131 ve halka hizmet ula\u015ft\u0131ran kamu kurum-kurulu\u015flar\u0131n\u0131 hedef alan sald\u0131r\u0131lar\u0131 \u00e7er\u00e7evesinde d\u00fcn ak\u015fam Dera\u2019n\u0131n do\u011fu k\u0131rsal\u0131nda Busra el \u015eam kentine su pompalayan santrali bombalad\u0131lar.<\/p>\n<p>Su santrali \u00e7al\u0131\u015fanlar\u0131ndan birinin yaraland\u0131\u011f\u0131 ve ald\u0131\u011f\u0131 maddi hasar santralin hizmet vermesini engelleyen ter\u00f6r sald\u0131r\u0131s\u0131, silahl\u0131 ter\u00f6r gruplar\u0131n\u0131n ve destek\u00e7ilerinin insanl\u0131ktan ne kadar uzak olduklar\u0131n\u0131n yeni bir kan\u0131t\u0131n\u0131 te\u015fkil etti.<\/p>\n<p>Su Kurumu M\u00fcd\u00fcr\u00fc Muhammet Mesalime, ter\u00f6ristlerin hedef ald\u0131klar\u0131 su santralinin yakla\u015f\u0131k 5 bin insana i\u00e7me suyu pompalad\u0131\u011f\u0131na i\u015faret ederek ayr\u0131ca ter\u00f6r sald\u0131r\u0131s\u0131 sonucunda santral \u00e7al\u0131\u015fanlar\u0131ndan birinin yaraland\u0131\u011f\u0131n\u0131 belirtti.<\/p>\n<p>Hat\u0131rlanaca\u011f\u0131 \u00fczere silahl\u0131 ter\u00f6r gruplar\u0131 daha \u00f6ncesinde de su ve elektrik santrallerini hedef alarak katliamlardan ve i\u015fkencelerden sa\u011f kalmay\u0131 ba\u015faranlar\u0131n ya\u015famlar\u0131n\u0131 s\u00fcrd\u00fcrmelerini imkans\u0131z hale getirmeye \u00e7al\u0131\u015fm\u0131\u015flard\u0131.<\/p>\n","protected":false},"excerpt":{"rendered":"<p>DERA \u2013 Silahl\u0131 ter\u00f6r gruplar\u0131; halk\u0131 ve halka hizmet ula\u015ft\u0131ran kamu kurum-kurulu\u015flar\u0131n\u0131 hedef alan sald\u0131r\u0131lar\u0131 \u00e7er\u00e7evesinde d\u00fcn ak\u015fam Dera\u2019n\u0131n do\u011fu k\u0131rsal\u0131nda Busra el \u015eam kentine su pompalayan santrali bombalad\u0131lar. Su santrali \u00e7al\u0131\u015fanlar\u0131ndan birinin yaraland\u0131\u011f\u0131 ve ald\u0131\u011f\u0131 maddi hasar santralin hizmet vermesini engelleyen ter\u00f6r sald\u0131r\u0131s\u0131, silahl\u0131 ter\u00f6r gruplar\u0131n\u0131n ve destek\u00e7ilerinin insanl\u0131ktan ne kadar uzak olduklar\u0131n\u0131n yeni &hellip;<\/p>\n","protected":false},"author":1,"featured_media":7337,"comment_status":"closed","ping_status":"closed","sticky":false,"template":"","format":"standard","meta":{"footnotes":""},"categories":[479,575,478],"tags":[1641],"class_list":["post-7336","post","type-post","status-publish","format-standard","has-post-thumbnail","","category-haberler-yerel","category-olaylar-ve-gercekler","category-yerel","tag-teror-insanlarin-yasamini-imkansizlastirmaya-calisiyor"],"_links":{"self":[{"href":"https:\/\/archive.sana.sy\/tr\/index.php?rest_route=\/wp\/v2\/posts\/7336","targetHints":{"allow":["GET"]}}],"collection":[{"href":"https:\/\/archive.sana.sy\/tr\/index.php?rest_route=\/wp\/v2\/posts"}],"about":[{"href":"https:\/\/archive.sana.sy\/tr\/index.php?rest_route=\/wp\/v2\/types\/post"}],"author":[{"embeddable":true,"href":"https:\/\/archive.sana.sy\/tr\/index.php?rest_route=\/wp\/v2\/users\/1"}],"replies":[{"embeddable":true,"href":"https:\/\/archive.sana.sy\/tr\/index.php?rest_route=%2Fwp%2Fv2%2Fcomments&post=7336"}],"version-history":[{"count":0,"href":"https:\/\/archive.sana.sy\/tr\/index.php?rest_route=\/wp\/v2\/posts\/7336\/revisions"}],"wp:featuredmedia":[{"embeddable":true,"href":"https:\/\/archive.sana.sy\/tr\/index.php?rest_route=\/wp\/v2\/media\/7337"}],"wp:attachment":[{"href":"https:\/\/archive.sana.sy\/tr\/index.php?rest_route=%2Fwp%2Fv2%2Fmedia&parent=7336"}],"wp:term":[{"taxonomy":"category","embeddable":true,"href":"https:\/\/archive.sana.sy\/tr\/index.php?rest_route=%2Fwp%2Fv2%2Fcategories&post=7336"},{"taxonomy":"post_tag","embeddable":true,"href":"https:\/\/archive.sana.sy\/tr\/index.php?rest_route=%2Fwp%2Fv2%2Ftags&post=7336"}],"curies":[{"name":"wp","href":"https:\/\/api.w.org\/{rel}","templated":true}]}}