{"id":73364,"date":"2016-05-18T19:30:32","date_gmt":"2016-05-18T16:30:32","guid":{"rendered":"http:\/\/sana.sy\/tr\/?p=73364"},"modified":"2016-05-20T15:28:39","modified_gmt":"2016-05-20T12:28:39","slug":"gerekli-zemin-bulunuyor","status":"publish","type":"post","link":"https:\/\/archive.sana.sy\/tr\/?p=73364","title":{"rendered":"Gerekli Zemin Bulunuyor(video)"},"content":{"rendered":"<p>\u015eAM KIRSALI \u2013 Ulusal Uzla\u015fma \u0130\u015flerinden Sorumlu Devlet Bakan\u0131 Ali Haydar \u015eam k\u0131rsal\u0131n\u0131n Kudsiye Kentinde ger\u00e7ek bir ulusal uzla\u015fman\u0131n tamamlanmas\u0131 i\u00e7in son r\u00f6tu\u015flar\u0131n yap\u0131lmakta oldu\u011funu belirtirken, Kudsiye\u2019nin t\u00fcm civar b\u00f6lgeleri i\u00e7in uzla\u015fama merkezi haline gelece\u011fini s\u00f6yledi.<\/p>\n<p>Kudsiye Kentindeki Emniyet M\u00fcd\u00fcrl\u00fc\u011f\u00fcnde bug\u00fcn kent ahalisi ve uzla\u015fma komiteleriyle bir araya gelen Bakan Haydar; kentte uzla\u015fma \u00e7abalar\u0131n\u0131n son a\u015famaya geldi\u011fini, arta kalan k\u00fc\u00e7\u00fck meselelerin ise en k\u0131sa s\u00fcre i\u00e7inde halledilece\u011fini belirtti. Uzla\u015fmalarda ulusal \u00e7\u0131karlar\u0131n ki\u015fisel \u00e7\u0131karlar\u0131n \u00fcst\u00fcnde tutulmas\u0131 ve i\u015fbirli\u011finin peki\u015ftirilmesi gere\u011fine vurgu yapan Haydar; h\u00fck\u00fcmetin bu y\u00f6ndeki \u00e7abalara b\u00fcy\u00fck \u00f6zen ve ilgi g\u00f6sterdi\u011finin alt\u0131n\u0131 \u00e7izdi.<\/p>\n<p>Bakan Haydar uzla\u015fmalarda temel kriterlerin halk\u0131n \u00e7\u0131kar\u0131 oldu\u011funu belirtirken, bir k\u0131s\u0131m taraflar\u0131n bu y\u00f6ndeki \u00e7abalar\u0131 sabote etme u\u011fra\u015flar\u0131na ra\u011fmen uzla\u015fmalar\u0131n sa\u011flanaca\u011f\u0131n\u0131 ifade etti.<\/p>\n<p>Kentte arama noktalar\u0131n\u0131 da inceleyen Bakan Haydar; kent ahalisi ile sohbet ederek uzla\u015fma ve ba\u015far\u0131l\u0131 olmas\u0131 i\u00e7in gerekli kriterlere ili\u015fkin g\u00f6r\u00fc\u015flerini dinledi.<\/p>\n<p>Kentte \u00f6nde gelen \u015fahsiyetler; kent ahalisinin b\u00fcy\u00fck \u00e7o\u011funlu\u011funun normal ya\u015famlar\u0131na d\u00f6nmek istediklerini, uzla\u015fama i\u00e7in gerekli zeminin de mevcut oldu\u011funu ifade etti.<\/p>\n<p>https:\/\/youtu.be\/HVPFkiJ77Do<\/p>\n<p>R.H.<\/p>\n","protected":false},"excerpt":{"rendered":"<p>\u015eAM KIRSALI \u2013 Ulusal Uzla\u015fma \u0130\u015flerinden Sorumlu Devlet Bakan\u0131 Ali Haydar \u015eam k\u0131rsal\u0131n\u0131n Kudsiye Kentinde ger\u00e7ek bir ulusal uzla\u015fman\u0131n tamamlanmas\u0131 i\u00e7in son r\u00f6tu\u015flar\u0131n yap\u0131lmakta oldu\u011funu belirtirken, Kudsiye\u2019nin t\u00fcm civar b\u00f6lgeleri i\u00e7in uzla\u015fama merkezi haline gelece\u011fini s\u00f6yledi. Kudsiye Kentindeki Emniyet M\u00fcd\u00fcrl\u00fc\u011f\u00fcnde bug\u00fcn kent ahalisi ve uzla\u015fma komiteleriyle bir araya gelen Bakan Haydar; kentte uzla\u015fma \u00e7abalar\u0131n\u0131n son &hellip;<\/p>\n","protected":false},"author":1,"featured_media":73365,"comment_status":"closed","ping_status":"closed","sticky":false,"template":"","format":"standard","meta":{"footnotes":""},"categories":[479,17988,478],"tags":[21220,21221,17534],"class_list":["post-73364","post","type-post","status-publish","format-standard","has-post-thumbnail","","category-haberler-yerel","category-son-haberler","category-yerel","tag-gerekli-zemin-bulunuyor","tag-sam-kirsalinin-kudsiye-kentinde-gercek-bir-ulusal-uzlasmanin-tamamlanmasi","tag-ulusal-uzlasma-islerinden-sorumlu-devlet-bakani-ali-haydar"],"_links":{"self":[{"href":"https:\/\/archive.sana.sy\/tr\/index.php?rest_route=\/wp\/v2\/posts\/73364","targetHints":{"allow":["GET"]}}],"collection":[{"href":"https:\/\/archive.sana.sy\/tr\/index.php?rest_route=\/wp\/v2\/posts"}],"about":[{"href":"https:\/\/archive.sana.sy\/tr\/index.php?rest_route=\/wp\/v2\/types\/post"}],"author":[{"embeddable":true,"href":"https:\/\/archive.sana.sy\/tr\/index.php?rest_route=\/wp\/v2\/users\/1"}],"replies":[{"embeddable":true,"href":"https:\/\/archive.sana.sy\/tr\/index.php?rest_route=%2Fwp%2Fv2%2Fcomments&post=73364"}],"version-history":[{"count":0,"href":"https:\/\/archive.sana.sy\/tr\/index.php?rest_route=\/wp\/v2\/posts\/73364\/revisions"}],"wp:featuredmedia":[{"embeddable":true,"href":"https:\/\/archive.sana.sy\/tr\/index.php?rest_route=\/wp\/v2\/media\/73365"}],"wp:attachment":[{"href":"https:\/\/archive.sana.sy\/tr\/index.php?rest_route=%2Fwp%2Fv2%2Fmedia&parent=73364"}],"wp:term":[{"taxonomy":"category","embeddable":true,"href":"https:\/\/archive.sana.sy\/tr\/index.php?rest_route=%2Fwp%2Fv2%2Fcategories&post=73364"},{"taxonomy":"post_tag","embeddable":true,"href":"https:\/\/archive.sana.sy\/tr\/index.php?rest_route=%2Fwp%2Fv2%2Ftags&post=73364"}],"curies":[{"name":"wp","href":"https:\/\/api.w.org\/{rel}","templated":true}]}}