{"id":73373,"date":"2016-05-18T21:30:50","date_gmt":"2016-05-18T18:30:50","guid":{"rendered":"http:\/\/sana.sy\/tr\/?p=73373"},"modified":"2016-05-20T15:28:35","modified_gmt":"2016-05-20T12:28:35","slug":"velayeti-suriye-direnis-hattinda-altin-halkayi-teskil-ediyor","status":"publish","type":"post","link":"https:\/\/archive.sana.sy\/tr\/?p=73373","title":{"rendered":"Velayeti: Suriye Direni\u015f Hatt\u0131nda Alt\u0131n Halkay\u0131 Te\u015fkil Ediyor"},"content":{"rendered":"<p>TAHRAN \u2013 \u0130ran \u0130slam Devrimi Liderinin Uluslararas\u0131\u0130li\u015fkiler Dan\u0131\u015fman\u0131 Ali Ekber Velayeti; Suriye\u2019nin, \u0130srail&#8217;e kar\u015f\u0131 m\u00fccadele ve direni\u015f hatt\u0131nda alt\u0131n halkay\u0131 te\u015fkil etti\u011fine dikkat \u00e7ekerek b\u00f6lgedeki b\u00f6lme-par\u00e7alama projeleri kapsam\u0131nda Suriye\u2019nin hedef al\u0131nmas\u0131na kar\u015f\u0131 dikkatli olmak gerekti\u011fini ifade etti.<\/p>\n<p>Tahran\u2019da Irakl\u0131 d\u00fc\u015f\u00fcn\u00fcr ve gazetecilerden olu\u015fan heyetle bir araya gelen Velayeti; b\u00f6lgeyi par\u00e7alama b\u00f6lme projelerinin, ABD ve \u0130srail taraf\u0131ndan desteklenen silahl\u0131 ter\u00f6r \u00f6rg\u00fctlerinin b\u00fcy\u00fcmesi ve g\u00fc\u00e7lenmesi i\u00e7in zemin haz\u0131rlad\u0131\u011f\u0131n\u0131 dile getirdi.<\/p>\n<p>Suriye ve Irak\u2019\u0131n ABD ve m\u00fcttefikleri taraf\u0131ndan par\u00e7alama-b\u00f6lme projeleri arac\u0131l\u0131\u011f\u0131 ile hedef al\u0131nd\u0131\u011f\u0131na de\u011finen Velayeti, ge\u00e7mi\u015fte ABD\u2019li askeri yetkililerin yapt\u0131klar\u0131 a\u00e7\u0131klamalarda Irak\u2019\u0131n ikiye b\u00f6l\u00fcnmesi \u00e7a\u011fr\u0131s\u0131nda bulunduklar\u0131n\u0131 hat\u0131rlatt\u0131.<\/p>\n<p>Velayeti, \u0130ran ve Irak halklar\u0131 aras\u0131ndaki tarihi dostluk ili\u015fkilerine \u00f6vg\u00fcl\u00fc c\u00fcmlelerle dikkat \u00e7ekerek bu ili\u015fkilerin g\u00fc\u00e7lenerek devam etmesi temennisinde bulundu.<\/p>\n<p>F.B. &#8211; R.H.<\/p>\n","protected":false},"excerpt":{"rendered":"<p>TAHRAN \u2013 \u0130ran \u0130slam Devrimi Liderinin Uluslararas\u0131\u0130li\u015fkiler Dan\u0131\u015fman\u0131 Ali Ekber Velayeti; Suriye\u2019nin, \u0130srail&#8217;e kar\u015f\u0131 m\u00fccadele ve direni\u015f hatt\u0131nda alt\u0131n halkay\u0131 te\u015fkil etti\u011fine dikkat \u00e7ekerek b\u00f6lgedeki b\u00f6lme-par\u00e7alama projeleri kapsam\u0131nda Suriye\u2019nin hedef al\u0131nmas\u0131na kar\u015f\u0131 dikkatli olmak gerekti\u011fini ifade etti. Tahran\u2019da Irakl\u0131 d\u00fc\u015f\u00fcn\u00fcr ve gazetecilerden olu\u015fan heyetle bir araya gelen Velayeti; b\u00f6lgeyi par\u00e7alama b\u00f6lme projelerinin, ABD ve \u0130srail &hellip;<\/p>\n","protected":false},"author":1,"featured_media":73374,"comment_status":"closed","ping_status":"closed","sticky":false,"template":"","format":"standard","meta":{"footnotes":""},"categories":[458,459,17988],"tags":[21223,21222],"class_list":["post-73373","post","type-post","status-publish","format-standard","has-post-thumbnail","","category-dunya1","category-haberler-arap-uluslararasi-politika","category-son-haberler","tag-iran-islam-devrimi-liderinin-uluslar-arasiiliskiler-danismani-ali-ekber-velayeti","tag-velayeti-suriye-direnis-hattinda-altin-halkayi-teskil-ediyor"],"_links":{"self":[{"href":"https:\/\/archive.sana.sy\/tr\/index.php?rest_route=\/wp\/v2\/posts\/73373","targetHints":{"allow":["GET"]}}],"collection":[{"href":"https:\/\/archive.sana.sy\/tr\/index.php?rest_route=\/wp\/v2\/posts"}],"about":[{"href":"https:\/\/archive.sana.sy\/tr\/index.php?rest_route=\/wp\/v2\/types\/post"}],"author":[{"embeddable":true,"href":"https:\/\/archive.sana.sy\/tr\/index.php?rest_route=\/wp\/v2\/users\/1"}],"replies":[{"embeddable":true,"href":"https:\/\/archive.sana.sy\/tr\/index.php?rest_route=%2Fwp%2Fv2%2Fcomments&post=73373"}],"version-history":[{"count":0,"href":"https:\/\/archive.sana.sy\/tr\/index.php?rest_route=\/wp\/v2\/posts\/73373\/revisions"}],"wp:featuredmedia":[{"embeddable":true,"href":"https:\/\/archive.sana.sy\/tr\/index.php?rest_route=\/wp\/v2\/media\/73374"}],"wp:attachment":[{"href":"https:\/\/archive.sana.sy\/tr\/index.php?rest_route=%2Fwp%2Fv2%2Fmedia&parent=73373"}],"wp:term":[{"taxonomy":"category","embeddable":true,"href":"https:\/\/archive.sana.sy\/tr\/index.php?rest_route=%2Fwp%2Fv2%2Fcategories&post=73373"},{"taxonomy":"post_tag","embeddable":true,"href":"https:\/\/archive.sana.sy\/tr\/index.php?rest_route=%2Fwp%2Fv2%2Ftags&post=73373"}],"curies":[{"name":"wp","href":"https:\/\/api.w.org\/{rel}","templated":true}]}}