{"id":7339,"date":"2014-08-14T21:58:14","date_gmt":"2014-08-14T18:58:14","guid":{"rendered":"http:\/\/www.sana.sy\/tr\/?p=7339"},"modified":"2014-08-14T21:58:14","modified_gmt":"2014-08-14T18:58:14","slug":"fas-polisi-terorist-orgutleyen-bir-sebekeyi-cokertti","status":"publish","type":"post","link":"https:\/\/archive.sana.sy\/tr\/?p=7339","title":{"rendered":"Fas Polisi Ter\u00f6rist \u00d6rg\u00fctleyen Bir \u015eebekeyi \u00c7\u00f6kertti"},"content":{"rendered":"<p>RABAT \u2013 Fas \u0130\u00e7i\u015fleri Bakanl\u0131\u011f\u0131 bug\u00fcn, soru\u015fturma ve takip operasyonlar\u0131 neticesinde Fasl\u0131 ve yabanc\u0131 vatanda\u015flar\u0131 \u00f6rg\u00fctleyip Suriye ve Irak\u2019ta \u2018\u015eam ve Irak \u0130slami Devleti I\u015e\u0130D\u2019 adl\u0131 tekfirci ter\u00f6r olu\u015fumu saflar\u0131na g\u00f6nderen bir \u015febekeyi \u00e7\u00f6kerttiklerini ilan etti.<\/p>\n<p>Fas Arap Haber Ajans\u0131n\u0131n aktard\u0131\u011f\u0131 a\u00e7\u0131klamalar\u0131nda Fas \u0130\u00e7i\u015fleri Bakanl\u0131\u011f\u0131; 9 ki\u015fiden olu\u015fan \u015febekenin sosyal payla\u015f\u0131m siteleri \u00fczerinden Fas ve Avrupa\u2019dan insanlar\u0131 \u00f6rg\u00fctleyip silah ve patlay\u0131c\u0131 e\u011fitimi verilmesi ard\u0131ndan bombal\u0131 intihar eylemleri d\u00fczenleme yada I\u015e\u0130D saflar\u0131nda sava\u015fmalar\u0131 i\u00e7in Suriye ve Irak\u2019a g\u00f6nderdiklerini a\u00e7\u0131klad\u0131.<\/p>\n<p>\u015eebekenin \u0130spanya otoriteleri ile koordinasyon ve bilgi al\u0131\u015fveri\u015fi neticesinde \u00e7\u00f6kertildi\u011fine i\u015faret eden Fas \u0130\u00e7i\u015fleri Bakanl\u0131\u011f\u0131 Suriye ve Irak\u2019ta I\u015e\u0130D saflar\u0131nda eylemlere kat\u0131lan 1212 Fasl\u0131n\u0131n bulundu\u011funu a\u00e7\u0131klad\u0131.<\/p>\n","protected":false},"excerpt":{"rendered":"<p>RABAT \u2013 Fas \u0130\u00e7i\u015fleri Bakanl\u0131\u011f\u0131 bug\u00fcn, soru\u015fturma ve takip operasyonlar\u0131 neticesinde Fasl\u0131 ve yabanc\u0131 vatanda\u015flar\u0131 \u00f6rg\u00fctleyip Suriye ve Irak\u2019ta \u2018\u015eam ve Irak \u0130slami Devleti I\u015e\u0130D\u2019 adl\u0131 tekfirci ter\u00f6r olu\u015fumu saflar\u0131na g\u00f6nderen bir \u015febekeyi \u00e7\u00f6kerttiklerini ilan etti. Fas Arap Haber Ajans\u0131n\u0131n aktard\u0131\u011f\u0131 a\u00e7\u0131klamalar\u0131nda Fas \u0130\u00e7i\u015fleri Bakanl\u0131\u011f\u0131; 9 ki\u015fiden olu\u015fan \u015febekenin sosyal payla\u015f\u0131m siteleri \u00fczerinden Fas ve &hellip;<\/p>\n","protected":false},"author":1,"featured_media":7340,"comment_status":"closed","ping_status":"closed","sticky":false,"template":"","format":"standard","meta":{"footnotes":""},"categories":[458,459,575,447],"tags":[1642],"class_list":["post-7339","post","type-post","status-publish","format-standard","has-post-thumbnail","","category-dunya1","category-haberler-arap-uluslararasi-politika","category-olaylar-ve-gercekler","category-politika","tag-fas-polisi-terorist-orgutleyen-bir-sebekeyi-cokertti"],"_links":{"self":[{"href":"https:\/\/archive.sana.sy\/tr\/index.php?rest_route=\/wp\/v2\/posts\/7339","targetHints":{"allow":["GET"]}}],"collection":[{"href":"https:\/\/archive.sana.sy\/tr\/index.php?rest_route=\/wp\/v2\/posts"}],"about":[{"href":"https:\/\/archive.sana.sy\/tr\/index.php?rest_route=\/wp\/v2\/types\/post"}],"author":[{"embeddable":true,"href":"https:\/\/archive.sana.sy\/tr\/index.php?rest_route=\/wp\/v2\/users\/1"}],"replies":[{"embeddable":true,"href":"https:\/\/archive.sana.sy\/tr\/index.php?rest_route=%2Fwp%2Fv2%2Fcomments&post=7339"}],"version-history":[{"count":0,"href":"https:\/\/archive.sana.sy\/tr\/index.php?rest_route=\/wp\/v2\/posts\/7339\/revisions"}],"wp:featuredmedia":[{"embeddable":true,"href":"https:\/\/archive.sana.sy\/tr\/index.php?rest_route=\/wp\/v2\/media\/7340"}],"wp:attachment":[{"href":"https:\/\/archive.sana.sy\/tr\/index.php?rest_route=%2Fwp%2Fv2%2Fmedia&parent=7339"}],"wp:term":[{"taxonomy":"category","embeddable":true,"href":"https:\/\/archive.sana.sy\/tr\/index.php?rest_route=%2Fwp%2Fv2%2Fcategories&post=7339"},{"taxonomy":"post_tag","embeddable":true,"href":"https:\/\/archive.sana.sy\/tr\/index.php?rest_route=%2Fwp%2Fv2%2Ftags&post=7339"}],"curies":[{"name":"wp","href":"https:\/\/api.w.org\/{rel}","templated":true}]}}