{"id":73419,"date":"2016-05-19T16:05:50","date_gmt":"2016-05-19T13:05:50","guid":{"rendered":"http:\/\/sana.sy\/tr\/?p=73419"},"modified":"2016-05-20T18:13:55","modified_gmt":"2016-05-20T15:13:55","slug":"mfeketo-ve-ona-eslik-eden-heyeti-kabul-etti","status":"publish","type":"post","link":"https:\/\/archive.sana.sy\/tr\/?p=73419","title":{"rendered":"Bat\u0131l\u0131lar M\u00fcttefik De\u011fil, Tabi Bir Devlet \u0130stiyorlar"},"content":{"rendered":"<p>\u015eAM \u2013 Cumhurba\u015fkan\u0131 Be\u015f\u015far el Esad bug\u00fcn G\u00fcney Afrika Uluslararas\u0131 \u0130li\u015fkiler ve \u0130\u015fbirli\u011fi Bakan\u0131 Yard\u0131mc\u0131s\u0131 Nomaindia Mfeketo ve ona e\u015flik eden heyeti kabul etti.<\/p>\n<p>Suriye&#8217;de son durum ve geli\u015fmelerin ele al\u0131nd\u0131\u011f\u0131 g\u00f6r\u00fc\u015fmede Mfeketo ; \u00fclkesinin Suriye&#8217;deki krizin herhangi bir d\u0131\u015f m\u00fcdahale olmaks\u0131z\u0131n \u00e7\u00f6z\u00fclmesine deste\u011fini belirtti. Mfeketo kimi devletlerin ter\u00f6ristlere destekleri durdurmalar\u0131 gere\u011finin de alt\u0131n\u0131 \u00e7izerken G\u00fcney Afrika\u2019n\u0131n, maruz kald\u0131\u011f\u0131 ter\u00f6r kar\u015f\u0131s\u0131nda Suriye ve halk\u0131ndan yana tutumuna vurgu yapt\u0131.<\/p>\n<p>\u0130ki \u00fclkenin ya\u015fad\u0131klar\u0131 deneyimlerden kar\u015f\u0131l\u0131kl\u0131 olarak faydalanma olanaklar\u0131 ele al\u0131n\u0131rken Cumhurba\u015fkan\u0131 el Esad; Suriye&#8217;de farkl\u0131 bir y\u00f6ntem uygulansa da bir s\u00fcre \u00f6nce G\u00fcney Afrika\u2019da benzer durumlar\u0131n ya\u015fand\u0131\u011f\u0131na i\u015faret etti. El Esad y\u00f6ntem farkl\u0131l\u0131\u011f\u0131na ra\u011fmen muhtelif d\u00fczeylerde G\u00fcney Afrika\u2019n\u0131n deneyiminden faydalanman\u0131n \u00f6nemine i\u015faret etti.<\/p>\n<p>Cumhurba\u015fkan\u0131 el Esad Bat\u0131l\u0131 devletlerin m\u00fcttefik de\u011fil, kendilerine tabi olan ba\u011f\u0131ms\u0131z bir karar ya da egemenli\u011fi olmayan tabi devletler istediklerine vurgu yapt\u0131.<\/p>\n<p>Aralar\u0131nda G\u00fcney Afrika\u2019n\u0131n bulundu\u011fu BRICS Grubu devletlerinin uluslar aras\u0131 ili\u015fkilerde bir nevi dengenin kurulmas\u0131nda oynad\u0131klar\u0131 rol\u00fcn \u00f6nemine dikkat \u00e7eken el Esad; ayn\u0131 zamanda egemen ve ba\u011f\u0131ms\u0131z devletlerin i\u00e7i\u015flerine m\u00fcdahale ve egemenliklerinin ihlal edilmesine s\u0131n\u0131r koymada da \u00f6nemli bir rol oynad\u0131klar\u0131n\u0131 belirtti.<\/p>\n<p>G\u00f6r\u00fc\u015fmede iki dost \u00fclke aras\u0131ndaki ili\u015fkiler tart\u0131\u015f\u0131l\u0131rken bu ili\u015fkilerin k\u00fclt\u00fcrel ve bilimsel alanda geli\u015ftirilmesi, yeni nesillerin ulusal ve evrensel davalar konusunda bilin\u00e7li ve duyarl\u0131 bir \u015fekilde yeti\u015ftirilmeleri \u00f6nemi ifade edildi.<\/p>\n<div id='gallery-1' class='gallery galleryid-73419 gallery-columns-2 gallery-size-medium'><figure class='gallery-item'>\n\t\t\t<div class='gallery-icon landscape'>\n\t\t\t\t<a href='https:\/\/archive.sana.sy\/tr\/wp-content\/uploads\/2016\/05\/660-370.jpg'><img loading=\"lazy\" decoding=\"async\" width=\"300\" height=\"168\" src=\"https:\/\/archive.sana.sy\/tr\/wp-content\/uploads\/2016\/05\/660-370-300x168.jpg\" class=\"attachment-medium size-medium\" alt=\"\" srcset=\"https:\/\/archive.sana.sy\/tr\/wp-content\/uploads\/2016\/05\/660-370-300x168.jpg 300w, https:\/\/archive.sana.sy\/tr\/wp-content\/uploads\/2016\/05\/660-370-150x84.jpg 150w, https:\/\/archive.sana.sy\/tr\/wp-content\/uploads\/2016\/05\/660-370.jpg 660w\" sizes=\"auto, (max-width: 300px) 100vw, 300px\" \/><\/a>\n\t\t\t<\/div><\/figure><figure class='gallery-item'>\n\t\t\t<div class='gallery-icon landscape'>\n\t\t\t\t<a href='https:\/\/archive.sana.sy\/tr\/wp-content\/uploads\/2016\/05\/DSC_6872.jpg'><img loading=\"lazy\" decoding=\"async\" width=\"300\" height=\"121\" src=\"https:\/\/archive.sana.sy\/tr\/wp-content\/uploads\/2016\/05\/DSC_6872-300x121.jpg\" class=\"attachment-medium size-medium\" alt=\"\" srcset=\"https:\/\/archive.sana.sy\/tr\/wp-content\/uploads\/2016\/05\/DSC_6872-300x121.jpg 300w, https:\/\/archive.sana.sy\/tr\/wp-content\/uploads\/2016\/05\/DSC_6872-150x60.jpg 150w, https:\/\/archive.sana.sy\/tr\/wp-content\/uploads\/2016\/05\/DSC_6872-768x309.jpg 768w, https:\/\/archive.sana.sy\/tr\/wp-content\/uploads\/2016\/05\/DSC_6872-1024x411.jpg 1024w\" sizes=\"auto, (max-width: 300px) 100vw, 300px\" \/><\/a>\n\t\t\t<\/div><\/figure><figure class='gallery-item'>\n\t\t\t<div class='gallery-icon landscape'>\n\t\t\t\t<a href='https:\/\/archive.sana.sy\/tr\/wp-content\/uploads\/2016\/05\/MPA_9255.jpg'><img loading=\"lazy\" decoding=\"async\" width=\"300\" height=\"148\" src=\"https:\/\/archive.sana.sy\/tr\/wp-content\/uploads\/2016\/05\/MPA_9255-300x148.jpg\" class=\"attachment-medium size-medium\" alt=\"\" srcset=\"https:\/\/archive.sana.sy\/tr\/wp-content\/uploads\/2016\/05\/MPA_9255-300x148.jpg 300w, https:\/\/archive.sana.sy\/tr\/wp-content\/uploads\/2016\/05\/MPA_9255-150x74.jpg 150w, https:\/\/archive.sana.sy\/tr\/wp-content\/uploads\/2016\/05\/MPA_9255-768x379.jpg 768w, https:\/\/archive.sana.sy\/tr\/wp-content\/uploads\/2016\/05\/MPA_9255-1024x505.jpg 1024w\" sizes=\"auto, (max-width: 300px) 100vw, 300px\" \/><\/a>\n\t\t\t<\/div><\/figure><figure class='gallery-item'>\n\t\t\t<div class='gallery-icon landscape'>\n\t\t\t\t<a href='https:\/\/archive.sana.sy\/tr\/wp-content\/uploads\/2016\/05\/MPA_9306.jpg'><img loading=\"lazy\" decoding=\"async\" width=\"300\" height=\"156\" src=\"https:\/\/archive.sana.sy\/tr\/wp-content\/uploads\/2016\/05\/MPA_9306-300x156.jpg\" class=\"attachment-medium size-medium\" alt=\"\" srcset=\"https:\/\/archive.sana.sy\/tr\/wp-content\/uploads\/2016\/05\/MPA_9306-300x156.jpg 300w, https:\/\/archive.sana.sy\/tr\/wp-content\/uploads\/2016\/05\/MPA_9306-150x78.jpg 150w, https:\/\/archive.sana.sy\/tr\/wp-content\/uploads\/2016\/05\/MPA_9306-768x399.jpg 768w, https:\/\/archive.sana.sy\/tr\/wp-content\/uploads\/2016\/05\/MPA_9306-1024x533.jpg 1024w\" sizes=\"auto, (max-width: 300px) 100vw, 300px\" \/><\/a>\n\t\t\t<\/div><\/figure>\n\t\t<\/div>\n\n<p>R.H.<\/p>\n","protected":false},"excerpt":{"rendered":"<p>\u015eAM \u2013 Cumhurba\u015fkan\u0131 Be\u015f\u015far el Esad bug\u00fcn G\u00fcney Afrika Uluslararas\u0131 \u0130li\u015fkiler ve \u0130\u015fbirli\u011fi Bakan\u0131 Yard\u0131mc\u0131s\u0131 Nomaindia Mfeketo ve ona e\u015flik eden heyeti kabul etti. Suriye&#8217;de son durum ve geli\u015fmelerin ele al\u0131nd\u0131\u011f\u0131 g\u00f6r\u00fc\u015fmede Mfeketo ; \u00fclkesinin Suriye&#8217;deki krizin herhangi bir d\u0131\u015f m\u00fcdahale olmaks\u0131z\u0131n \u00e7\u00f6z\u00fclmesine deste\u011fini belirtti. Mfeketo kimi devletlerin ter\u00f6ristlere destekleri durdurmalar\u0131 gere\u011finin de alt\u0131n\u0131 \u00e7izerken &hellip;<\/p>\n","protected":false},"author":1,"featured_media":73424,"comment_status":"closed","ping_status":"closed","sticky":false,"template":"","format":"standard","meta":{"footnotes":""},"categories":[608,479,605,17988,478],"tags":[16402,21231],"class_list":["post-73419","post","type-post","status-publish","format-standard","has-post-thumbnail","","category-etkinlikler","category-haberler-yerel","category-sayin-cumhurbaskani","category-son-haberler","category-yerel","tag-cumhurbaskani-bessar-el-esad","tag-mfeketo-ve-ona-eslik-eden-heyeti-kabul-etti"],"_links":{"self":[{"href":"https:\/\/archive.sana.sy\/tr\/index.php?rest_route=\/wp\/v2\/posts\/73419","targetHints":{"allow":["GET"]}}],"collection":[{"href":"https:\/\/archive.sana.sy\/tr\/index.php?rest_route=\/wp\/v2\/posts"}],"about":[{"href":"https:\/\/archive.sana.sy\/tr\/index.php?rest_route=\/wp\/v2\/types\/post"}],"author":[{"embeddable":true,"href":"https:\/\/archive.sana.sy\/tr\/index.php?rest_route=\/wp\/v2\/users\/1"}],"replies":[{"embeddable":true,"href":"https:\/\/archive.sana.sy\/tr\/index.php?rest_route=%2Fwp%2Fv2%2Fcomments&post=73419"}],"version-history":[{"count":0,"href":"https:\/\/archive.sana.sy\/tr\/index.php?rest_route=\/wp\/v2\/posts\/73419\/revisions"}],"wp:featuredmedia":[{"embeddable":true,"href":"https:\/\/archive.sana.sy\/tr\/index.php?rest_route=\/wp\/v2\/media\/73424"}],"wp:attachment":[{"href":"https:\/\/archive.sana.sy\/tr\/index.php?rest_route=%2Fwp%2Fv2%2Fmedia&parent=73419"}],"wp:term":[{"taxonomy":"category","embeddable":true,"href":"https:\/\/archive.sana.sy\/tr\/index.php?rest_route=%2Fwp%2Fv2%2Fcategories&post=73419"},{"taxonomy":"post_tag","embeddable":true,"href":"https:\/\/archive.sana.sy\/tr\/index.php?rest_route=%2Fwp%2Fv2%2Ftags&post=73419"}],"curies":[{"name":"wp","href":"https:\/\/api.w.org\/{rel}","templated":true}]}}