{"id":73434,"date":"2016-05-19T09:00:43","date_gmt":"2016-05-19T06:00:43","guid":{"rendered":"http:\/\/sana.sy\/tr\/?p=73434"},"modified":"2016-05-19T13:25:59","modified_gmt":"2016-05-19T10:25:59","slug":"bakan-haydar-sam-kirsali-kudsiye-kentinde-yerel-ahali-ve-uzlasma-komiteleriyle-bulustu","status":"publish","type":"post","link":"https:\/\/archive.sana.sy\/tr\/?p=73434","title":{"rendered":"Bakan Haydar \u015eam k\u0131rsal\u0131 Kudsiye Kentinde yerel ahali ve uzla\u015fma komiteleriyle bulu\u015ftu"},"content":{"rendered":"<p>Bakan Haydar \u015eam k\u0131rsal\u0131 Kudsiye Kentinde yerel ahali ve uzla\u015fma komiteleriyle bulu\u015ftu<\/p>\n<p>https:\/\/youtu.be\/HVPFkiJ77Do<\/p>\n<p>R.H.<\/p>\n","protected":false},"excerpt":{"rendered":"<p>Bakan Haydar \u015eam k\u0131rsal\u0131 Kudsiye Kentinde yerel ahali ve uzla\u015fma komiteleriyle bulu\u015ftu https:\/\/youtu.be\/HVPFkiJ77Do R.H.<\/p>\n","protected":false},"author":1,"featured_media":73436,"comment_status":"closed","ping_status":"closed","sticky":false,"template":"","format":"standard","meta":{"footnotes":""},"categories":[18295],"tags":[21233],"class_list":["post-73434","post","type-post","status-publish","format-standard","has-post-thumbnail","","category-sana-video","tag-bakan-haydar-sam-kirsali-kudsiye-kentinde-yerel-ahali-ve-uzlasma-komiteleriyle-bulustu"],"_links":{"self":[{"href":"https:\/\/archive.sana.sy\/tr\/index.php?rest_route=\/wp\/v2\/posts\/73434","targetHints":{"allow":["GET"]}}],"collection":[{"href":"https:\/\/archive.sana.sy\/tr\/index.php?rest_route=\/wp\/v2\/posts"}],"about":[{"href":"https:\/\/archive.sana.sy\/tr\/index.php?rest_route=\/wp\/v2\/types\/post"}],"author":[{"embeddable":true,"href":"https:\/\/archive.sana.sy\/tr\/index.php?rest_route=\/wp\/v2\/users\/1"}],"replies":[{"embeddable":true,"href":"https:\/\/archive.sana.sy\/tr\/index.php?rest_route=%2Fwp%2Fv2%2Fcomments&post=73434"}],"version-history":[{"count":0,"href":"https:\/\/archive.sana.sy\/tr\/index.php?rest_route=\/wp\/v2\/posts\/73434\/revisions"}],"wp:featuredmedia":[{"embeddable":true,"href":"https:\/\/archive.sana.sy\/tr\/index.php?rest_route=\/wp\/v2\/media\/73436"}],"wp:attachment":[{"href":"https:\/\/archive.sana.sy\/tr\/index.php?rest_route=%2Fwp%2Fv2%2Fmedia&parent=73434"}],"wp:term":[{"taxonomy":"category","embeddable":true,"href":"https:\/\/archive.sana.sy\/tr\/index.php?rest_route=%2Fwp%2Fv2%2Fcategories&post=73434"},{"taxonomy":"post_tag","embeddable":true,"href":"https:\/\/archive.sana.sy\/tr\/index.php?rest_route=%2Fwp%2Fv2%2Ftags&post=73434"}],"curies":[{"name":"wp","href":"https:\/\/api.w.org\/{rel}","templated":true}]}}